{"id":1081,"date":"2012-03-19T11:56:26","date_gmt":"2012-03-19T10:56:26","guid":{"rendered":"http:\/\/danielrparente.wordpress.com\/?p=1081"},"modified":"2012-03-19T11:56:26","modified_gmt":"2012-03-19T10:56:26","slug":"i-festival-de-cortos-en-esne","status":"publish","type":"post","link":"https:\/\/www.danielparente.net\/es\/i-festival-de-cortos-en-esne\/","title":{"rendered":"I festival de cortos en ESNE"},"content":{"rendered":"<p>Como muchos sabr&#xE1;n, estamos creando en el ESNE un grado oficial en cine de animaci&#xF3;n, y a pesar de que no tenemos todav&#xED;a alumnos en el grado, los que tenemos actualmente en los grados de dise&#xF1;o multim&#xE9;dia y gr&#xE1;fico, y videojuegos, tienen mas que capacidad y conocimiento para atraverse con la realizaci&#xF3;n de diversos cortos.<\/p>\n<p>En abril se ir&#xE1; realizar el primer festival con los mejores cortos finalistas.<\/p><div id=\"danie-2694629500\" class=\"danie-content danie-entity-placement\"><script async src=\"\/\/pagead2.googlesyndication.com\/pagead\/js\/adsbygoogle.js?client=ca-pub-4906861079337018\" crossorigin=\"anonymous\"><\/script><ins class=\"adsbygoogle\" style=\"display:block; text-align:center;\" data-ad-client=\"ca-pub-4906861079337018\" data-ad-slot=\"8576260680\" data-ad-layout=\"in-article\" data-ad-format=\"fluid\"><\/ins>\n<script> \n(adsbygoogle = window.adsbygoogle || []).push({}); \n<\/script>\n<\/div>\n<span class=\"embed-youtube\" style=\"text-align:center; display: block;\"><iframe class=\"youtube-player\" width=\"1290\" height=\"726\" src=\"https:\/\/www.youtube.com\/embed\/hVwWmFJgCTA?version=3&amp;rel=1&amp;showsearch=0&amp;showinfo=1&amp;iv_load_policy=1&amp;fs=1&amp;hl=en-US&amp;autohide=2&amp;wmode=transparent&amp;listType=playlist&amp;list=UULWYhilr3PfR0cinlcEvcQw\" allowfullscreen=\"true\" style=\"border:0;\" sandbox=\"allow-scripts allow-same-origin allow-popups allow-presentation allow-popups-to-escape-sandbox\"><\/iframe><\/span>\n<span class=\"embed-youtube\" style=\"text-align:center; display: block;\"><iframe class=\"youtube-player\" width=\"1290\" height=\"726\" src=\"https:\/\/www.youtube.com\/embed\/l-YYSK4wOLU?version=3&amp;rel=1&amp;showsearch=0&amp;showinfo=1&amp;iv_load_policy=1&amp;fs=1&amp;hl=en-US&amp;autohide=2&amp;wmode=transparent&amp;listType=playlist&amp;list=UULWYhilr3PfR0cinlcEvcQw\" allowfullscreen=\"true\" style=\"border:0;\" sandbox=\"allow-scripts allow-same-origin allow-popups allow-presentation allow-popups-to-escape-sandbox\"><\/iframe><\/span>\n","protected":false},"excerpt":{"rendered":"<p>Como muchos sabr&#xE1;n, estamos creando en el ESNE un grado oficial en cine de animaci&#xF3;n, y a pesar de que no tenemos todav&#xED;a alumnos en el grado, los que tenemos actualmente en los grados de dise&#xF1;o multim&#xE9;dia y gr&#xE1;fico, y videojuegos, tienen mas que capacidad y conocimiento para atraverse con la realizaci&#xF3;n de diversos cortos. [&#x2026;]<\/p>\n","protected":false},"author":1,"featured_media":0,"comment_status":"open","ping_status":"open","sticky":false,"template":"","format":"standard","meta":{"_jetpack_newsletter_access":"","_jetpack_dont_email_post_to_subs":false,"_jetpack_newsletter_tier_id":0,"_jetpack_memberships_contains_paywalled_content":false,"_jetpack_feature_clip_id":0,"_jetpack_memberships_contains_paid_content":false,"footnotes":"","jetpack_post_was_ever_published":false},"categories":[7,21,41,42],"tags":[188,899],"class_list":["post-1081","post","type-post","status-publish","format-standard","hentry","category-animacion-y-cine-digital","category-cortos-de-cine","category-esne","category-eventos-esne","tag-animacion-y-cine-digital-3","tag-festival-de-cortos"],"blocksy_meta":{"styles_descriptor":{"styles":{"desktop":"","tablet":"","mobile":""},"google_fonts":[],"version":7}},"jetpack-related-posts":[{"id":1420,"url":"https:\/\/www.danielparente.net\/es\/io-festival-de-cortos-en-esne-feelmotion\/","url_meta":{"origin":1081,"position":0},"title":"I\u00ba Festival de Cortos en ESNE : Feelmotion","author":"danielparente","date":"18 April, 2012","format":false,"excerpt":"Dentro del nuevo grado de cine de animaci\u00f3n que lanzamos este a\u00f1o, generamos un nuevo festival de cortos, que tiene este viernes 20 de Abril, su primera edici\u00f3n. Os dejo con la nota de prensa, y con la recomendaci\u00f3n de a todos los que les guste los cortos, que acudan\u2026","rel":"","context":"In &quot;Animaci\u00f3n&quot;","block_context":{"text":"Animaci\u00f3n","link":"https:\/\/www.danielparente.net\/es\/category\/animacion-2\/"},"img":{"alt_text":"","src":"https:\/\/danielrparente.files.wordpress.com\/2012\/04\/feelmotion_esne.jpg?w=350&h=200&crop=1","width":350,"height":200,"srcset":"https:\/\/danielrparente.files.wordpress.com\/2012\/04\/feelmotion_esne.jpg?w=350&h=200&crop=1 1x, https:\/\/danielrparente.files.wordpress.com\/2012\/04\/feelmotion_esne.jpg?w=525&h=300&crop=1 1.5x"},"classes":[]},{"id":4634,"url":"https:\/\/www.danielparente.net\/es\/jornadas-sobre-cine-de-animacion-en-esne\/","url_meta":{"origin":1081,"position":1},"title":"Jornadas sobre cine de animaci\u00f3n en ESNE","author":"danielparente","date":"30 May, 2013","format":false,"excerpt":"\u00a0 Dentro del grande evento anual que organiza ESNE para ense\u00f1ar \u00a0de forma abierta a todos los interesados lo que hacemos en los diversos grados existentes ESNE, organizamos ma\u00f1ana dentro del otro grado del que soy responsable, Cine de Animaci\u00f3n, unas jornadas muy interesantes sobre el cine de animaci\u00f3n en\u2026","rel":"","context":"In &quot;Animacion&quot;","block_context":{"text":"Animacion","link":"https:\/\/www.danielparente.net\/es\/category\/animacion-3\/"},"img":{"alt_text":"","src":"https:\/\/i0.wp.com\/e928cfdc7rs.exactdn.com\/info\/uploads\/sites\/2\/2013\/05\/animation_galloping_horse.jpg?resize=350%2C200&ssl=1","width":350,"height":200,"srcset":"https:\/\/i0.wp.com\/e928cfdc7rs.exactdn.com\/info\/uploads\/sites\/2\/2013\/05\/animation_galloping_horse.jpg?resize=350%2C200&ssl=1 1x, https:\/\/i0.wp.com\/e928cfdc7rs.exactdn.com\/info\/uploads\/sites\/2\/2013\/05\/animation_galloping_horse.jpg?resize=525%2C300&ssl=1 1.5x"},"classes":[]},{"id":2366,"url":"https:\/\/www.danielparente.net\/es\/grand-premiere-de-cortos-de-toshiba\/","url_meta":{"origin":1081,"position":2},"title":"Grand Premiere de Cortos de Toshiba","author":"danielparente","date":"17 July, 2012","format":false,"excerpt":"Un peque\u00f1o video resumen de la grande premiere de cortos de hace algunas semanas en la Gran Via Madrile\u00f1a (Plaza de Callao), promovida por Toshiba y donde uno de los cortos creados en ESNE ganaran dos premios por votaci\u00f3n a trav\u00e9s de facebook. Descripci\u00f3n\/Fichas t\u00e9cnicas de los cortos: \u00a0Cortometraje:\u00a0MATANDO EL\u2026","rel":"","context":"In &quot;Animacion&quot;","block_context":{"text":"Animacion","link":"https:\/\/www.danielparente.net\/es\/category\/animacion-3\/"},"img":{"alt_text":"","src":"https:\/\/i0.wp.com\/img.youtube.com\/vi\/l_DXB31NsWs\/0.jpg?resize=350%2C200","width":350,"height":200},"classes":[]},{"id":1150,"url":"https:\/\/www.danielparente.net\/es\/sabado-de-cortos\/","url_meta":{"origin":1081,"position":3},"title":"Sabado de cortos","author":"danielparente","date":"31 March, 2012","format":false,"excerpt":"Como ayer no me dio tiempo hacer una recompilaci\u00f3n de los cortos mas interesantes que he visto durante la semana, no hay nada mejor que hacerlo un s\u00e1bado. arteyanimacion.es Vimeo.com youtube.com theanimationblog.com lineboil.com","rel":"","context":"In &quot;Animacion&quot;","block_context":{"text":"Animacion","link":"https:\/\/www.danielparente.net\/es\/category\/animacion-3\/"},"img":{"alt_text":"","src":"","width":0,"height":0},"classes":[]},{"id":5412,"url":"https:\/\/www.danielparente.net\/es\/quieres-aprender-a-animar-viene-a-la-madrid-animation-conference\/","url_meta":{"origin":1081,"position":4},"title":"Quieres aprender a animar ? Viene a la Madrid Animation Conference","author":"danielparente","date":"13 December, 2013","format":false,"excerpt":"Dentro del proceso de lanzamiento del grado de cine de animaci\u00f3n por parte de ESNE, y como forma de ir calentando motores dando la posibilidad a todos los interesados de poder validar si realmente es lo que quieren estudiar o hacer, \u00a0o aprender un poco mas sobre el proceso de\u2026","rel":"","context":"In &quot;Animacion&quot;","block_context":{"text":"Animacion","link":"https:\/\/www.danielparente.net\/es\/category\/animacion-3\/"},"img":{"alt_text":"madrid_animation_conference","src":"https:\/\/i0.wp.com\/www.danielparente.net\/es\/wp-content\/uploads\/sites\/2\/2013\/12\/madrid_animation_conference.jpg?resize=350%2C200","width":350,"height":200,"srcset":"https:\/\/i0.wp.com\/www.danielparente.net\/es\/wp-content\/uploads\/sites\/2\/2013\/12\/madrid_animation_conference.jpg?resize=350%2C200 1x, https:\/\/i0.wp.com\/www.danielparente.net\/es\/wp-content\/uploads\/sites\/2\/2013\/12\/madrid_animation_conference.jpg?resize=525%2C300 1.5x"},"classes":[]},{"id":1438,"url":"https:\/\/www.danielparente.net\/es\/empieza-la-primera-edicion-de-feelmotion\/","url_meta":{"origin":1081,"position":5},"title":"Empieza la primera edicion de feelmotion","author":"danielparente","date":"20 April, 2012","format":false,"excerpt":"Empieza la primera edicion de Feelmotion con una brillante presentacion con bastante puesta de escena.","rel":"","context":"In &quot;Animaci\u00f3n&quot;","block_context":{"text":"Animaci\u00f3n","link":"https:\/\/www.danielparente.net\/es\/category\/animacion-2\/"},"img":{"alt_text":"","src":"","width":0,"height":0},"classes":[]}],"jetpack_shortlink":"https:\/\/wp.me\/p2TqUj-hr","jetpack_sharing_enabled":true,"jetpack_featured_media_url":"","_links":{"self":[{"href":"https:\/\/www.danielparente.net\/es\/wp-json\/wp\/v2\/posts\/1081","targetHints":{"allow":["GET"]}}],"collection":[{"href":"https:\/\/www.danielparente.net\/es\/wp-json\/wp\/v2\/posts"}],"about":[{"href":"https:\/\/www.danielparente.net\/es\/wp-json\/wp\/v2\/types\/post"}],"author":[{"embeddable":true,"href":"https:\/\/www.danielparente.net\/es\/wp-json\/wp\/v2\/users\/1"}],"replies":[{"embeddable":true,"href":"https:\/\/www.danielparente.net\/es\/wp-json\/wp\/v2\/comments?post=1081"}],"version-history":[{"count":0,"href":"https:\/\/www.danielparente.net\/es\/wp-json\/wp\/v2\/posts\/1081\/revisions"}],"wp:attachment":[{"href":"https:\/\/www.danielparente.net\/es\/wp-json\/wp\/v2\/media?parent=1081"}],"wp:term":[{"taxonomy":"category","embeddable":true,"href":"https:\/\/www.danielparente.net\/es\/wp-json\/wp\/v2\/categories?post=1081"},{"taxonomy":"post_tag","embeddable":true,"href":"https:\/\/www.danielparente.net\/es\/wp-json\/wp\/v2\/tags?post=1081"}],"curies":[{"name":"wp","href":"https:\/\/api.w.org\/{rel}","templated":true}]}}