{"id":1420,"date":"2012-04-18T11:10:55","date_gmt":"2012-04-18T10:10:55","guid":{"rendered":"http:\/\/danielrparente.wordpress.com\/?p=1420"},"modified":"2012-04-18T11:10:55","modified_gmt":"2012-04-18T10:10:55","slug":"io-festival-de-cortos-en-esne-feelmotion","status":"publish","type":"post","link":"https:\/\/www.danielparente.net\/es\/io-festival-de-cortos-en-esne-feelmotion\/","title":{"rendered":"I\u00ba Festival de Cortos en ESNE : Feelmotion"},"content":{"rendered":"<p><a href=\"http:\/\/danielrparente.files.wordpress.com\/2012\/04\/feelmotion_esne.jpg\" target=\"_blank\" rel=\"noopener\"><img fetchpriority=\"high\" decoding=\"async\" class=\"alignleft size-full wp-image-1421\" title=\"feelmotion_esne\" src=\"http:\/\/danielrparente.files.wordpress.com\/2012\/04\/feelmotion_esne.jpg\" alt=\"\" width=\"560\" height=\"373\" srcset=\"https:\/\/e928cfdc7rs.exactdn.com\/info\/uploads\/sites\/2\/2012\/04\/feelmotion_esne.jpg?strip=all 560w, https:\/\/e928cfdc7rs.exactdn.com\/info\/uploads\/sites\/2\/2012\/04\/feelmotion_esne-300x199.jpg?strip=all 300w, https:\/\/e928cfdc7rs.exactdn.com\/info\/uploads\/sites\/2\/2012\/04\/feelmotion_esne.jpg?strip=all&amp;w=56 56w, https:\/\/e928cfdc7rs.exactdn.com\/info\/uploads\/sites\/2\/2012\/04\/feelmotion_esne.jpg?strip=all&amp;w=112 112w, https:\/\/e928cfdc7rs.exactdn.com\/info\/uploads\/sites\/2\/2012\/04\/feelmotion_esne.jpg?strip=all&amp;w=168 168w, https:\/\/e928cfdc7rs.exactdn.com\/info\/uploads\/sites\/2\/2012\/04\/feelmotion_esne.jpg?strip=all&amp;w=224 224w, https:\/\/e928cfdc7rs.exactdn.com\/info\/uploads\/sites\/2\/2012\/04\/feelmotion_esne.jpg?strip=all&amp;w=392 392w, https:\/\/e928cfdc7rs.exactdn.com\/info\/uploads\/sites\/2\/2012\/04\/feelmotion_esne.jpg?strip=all&amp;w=448 448w, https:\/\/e928cfdc7rs.exactdn.com\/info\/uploads\/sites\/2\/2012\/04\/feelmotion_esne.jpg?strip=all&amp;w=504 504w\" sizes=\"(max-width: 560px) 100vw, 560px\"\/><\/a><\/p>\n<p style=\"text-align:left\">\n<\/p><p style=\"text-align:left\">\n<\/p><p style=\"text-align:left\">\n<\/p><p style=\"text-align:left\">\n<\/p><p style=\"text-align:left\">\n<\/p><p style=\"text-align:left\">\n<\/p><p style=\"text-align:left\">\n<\/p><p style=\"text-align:left\">\n<\/p><p style=\"text-align:left\">\n<\/p><p style=\"text-align:left\">\n<\/p><p style=\"text-align:left\">\n<\/p><p style=\"text-align:left\">Dentro del nuevo grado de cine de animaci&#xF3;n que lanzamos este a&#xF1;o, generamos un nuevo festival de cortos, que tiene este viernes 20 de Abril, su primera edici&#xF3;n.<\/p>\n<p>Os dejo con la nota de prensa, y con la recomendaci&#xF3;n de a todos los que les guste los cortos, que acudan al ESNE el viernes.<\/p>\n<p>La <a href=\"http:\/\/web.esne.es\/\" target=\"_blank\" rel=\"noopener\">Escuela Universitaria de Dise&#xF1;o e Innovci&#xF3;n (ESNE)<\/a>, adscrita a la <a href=\"http:\/\/www.ucjc.edu\/\" target=\"_blank\" rel=\"noopener\">Universidad Camilo Jos&#xE9; Cela<\/a> entrega este viernes los premios de <strong>FEELMOTION<\/strong>, su 1&#xBA; <strong>Festival de cortometrajes<\/strong> de Animaci&#xF3;n e Imagen Real, realizados por los alumnos del centro.<\/p>\n<p>Una estupenda oportunidad para disfrutar de la visi&#xF3;n del cine y la videocreaci&#xF3;n por parte de unos j&#xF3;venes que no estudian cine, pero tienen <strong>mucha imaginaci&#xF3;n y talento<\/strong>.<\/p>\n<p>Se trata de una selecci&#xF3;n de <strong>27 cortos<\/strong> (de un total de unos 140 presentados) realizados por los alumnos durante el primer cuatrimestre del curso 2011-12.<\/p>\n<p>Los alumnos pertenecen a la carreras de Dise&#xF1;o Multimedia y Gr&#xE1;fico y Dise&#xF1;o y Desarrollo de Videojuegos. No son estudiantes de cine. Han tenido eso si, asignaturas como &#x201C;Comunicaci&#xF3;n audiovisual&#x201D;, &#x201C; Gui&#xF3;n y storyboarding&#x201D;, &#x201C;Animaci&#xF3;n Flash&#x201D;, &#x201C;Animaci&#xF3;n 3D&#x201D;, que son complementarias a su formaci&#xF3;n, aunque en ning&#xFA;n caso vayan a dedicarse al cine. Pero demuestran <strong>un criterio est&#xE9;tico y un discurso propio<\/strong>.<\/p>\n<p>Los 27 cortos seleccionados, divididos en 2 categor&#xED;as (Animaci&#xF3;n e Imagen real) pueden verse en <a href=\"http:\/\/www.youtube.com\/user\/feelmotionesne\" target=\"_blank\" rel=\"noopener\">el canal de Youtube de la Escuela<\/a>.<\/p>\n<p>El pr&#xF3;ximo viernes 20 tendr&#xE1; lugar la Gala de entrega de premios en el Auditorio de ESNE (Avda. Alfonso XIII, 97, Madrid), con la proyecci&#xF3;n de los cortos seleccionados.. La entrada es libre hasta completar aforo<\/p>\n","protected":false},"excerpt":{"rendered":"<p>Dentro del nuevo grado de cine de animaci&#xF3;n que lanzamos este a&#xF1;o, generamos un nuevo festival de cortos, que tiene este viernes 20 de Abril, su primera edici&#xF3;n. Os dejo con la nota de prensa, y con la recomendaci&#xF3;n de a todos los que les guste los cortos, que acudan al ESNE el viernes. La [&#x2026;]<\/p>\n","protected":false},"author":1,"featured_media":0,"comment_status":"open","ping_status":"open","sticky":false,"template":"","format":"standard","meta":{"_jetpack_newsletter_access":"","_jetpack_dont_email_post_to_subs":false,"_jetpack_newsletter_tier_id":0,"_jetpack_memberships_contains_paywalled_content":false,"_jetpack_feature_clip_id":0,"_jetpack_memberships_contains_paid_content":false,"footnotes":"","jetpack_post_was_ever_published":false},"categories":[6,7,41,42],"tags":[490,3801,891,899,1063,1070,1397,1966],"class_list":["post-1420","post","type-post","status-publish","format-standard","hentry","category-animacion-2","category-animacion-y-cine-digital","category-esne","category-eventos-esne","tag-cortos","tag-esne","tag-feelmotion","tag-festival-de-cortos","tag-grado-de-cine-de-animacion","tag-grado-universitario-de-cine-de-animacion","tag-mejores-cortos-de-animacion","tag-universidad-de-la-animacion"],"blocksy_meta":{"styles_descriptor":{"styles":{"desktop":"","tablet":"","mobile":""},"google_fonts":[],"version":7}},"jetpack-related-posts":[{"id":1081,"url":"https:\/\/www.danielparente.net\/es\/i-festival-de-cortos-en-esne\/","url_meta":{"origin":1420,"position":0},"title":"I festival de cortos en ESNE","author":"danielparente","date":"19 March, 2012","format":false,"excerpt":"Como muchos sabr\u00e1n, estamos creando en el ESNE un grado oficial en cine de animaci\u00f3n, y a pesar de que no tenemos todav\u00eda alumnos en el grado, los que tenemos actualmente en los grados de dise\u00f1o multim\u00e9dia y gr\u00e1fico, y videojuegos, tienen mas que capacidad y conocimiento para atraverse con\u2026","rel":"","context":"In &quot;Animaci\u00f3n y Cine Digital&quot;","block_context":{"text":"Animaci\u00f3n y Cine Digital","link":"https:\/\/www.danielparente.net\/es\/category\/animacion-y-cine-digital\/"},"img":{"alt_text":"","src":"https:\/\/i0.wp.com\/img.youtube.com\/vi\/UULWYhilr3PfR0cinlcEvcQw\/0.jpg?resize=350%2C200","width":350,"height":200},"classes":[]},{"id":4634,"url":"https:\/\/www.danielparente.net\/es\/jornadas-sobre-cine-de-animacion-en-esne\/","url_meta":{"origin":1420,"position":1},"title":"Jornadas sobre cine de animaci\u00f3n en ESNE","author":"danielparente","date":"30 May, 2013","format":false,"excerpt":"\u00a0 Dentro del grande evento anual que organiza ESNE para ense\u00f1ar \u00a0de forma abierta a todos los interesados lo que hacemos en los diversos grados existentes ESNE, organizamos ma\u00f1ana dentro del otro grado del que soy responsable, Cine de Animaci\u00f3n, unas jornadas muy interesantes sobre el cine de animaci\u00f3n en\u2026","rel":"","context":"In &quot;Animaci\u00f3n&quot;","block_context":{"text":"Animaci\u00f3n","link":"https:\/\/www.danielparente.net\/es\/category\/animacion-2\/"},"img":{"alt_text":"","src":"https:\/\/i0.wp.com\/e928cfdc7rs.exactdn.com\/info\/uploads\/sites\/2\/2013\/05\/animation_galloping_horse.jpg?resize=350%2C200&ssl=1","width":350,"height":200,"srcset":"https:\/\/i0.wp.com\/e928cfdc7rs.exactdn.com\/info\/uploads\/sites\/2\/2013\/05\/animation_galloping_horse.jpg?resize=350%2C200&ssl=1 1x, https:\/\/i0.wp.com\/e928cfdc7rs.exactdn.com\/info\/uploads\/sites\/2\/2013\/05\/animation_galloping_horse.jpg?resize=525%2C300&ssl=1 1.5x"},"classes":[]},{"id":1150,"url":"https:\/\/www.danielparente.net\/es\/sabado-de-cortos\/","url_meta":{"origin":1420,"position":2},"title":"Sabado de cortos","author":"danielparente","date":"31 March, 2012","format":false,"excerpt":"Como ayer no me dio tiempo hacer una recompilaci\u00f3n de los cortos mas interesantes que he visto durante la semana, no hay nada mejor que hacerlo un s\u00e1bado. arteyanimacion.es Vimeo.com youtube.com theanimationblog.com lineboil.com","rel":"","context":"In &quot;Animacion&quot;","block_context":{"text":"Animacion","link":"https:\/\/www.danielparente.net\/es\/category\/animacion-3\/"},"img":{"alt_text":"","src":"","width":0,"height":0},"classes":[]},{"id":1438,"url":"https:\/\/www.danielparente.net\/es\/empieza-la-primera-edicion-de-feelmotion\/","url_meta":{"origin":1420,"position":3},"title":"Empieza la primera edicion de feelmotion","author":"danielparente","date":"20 April, 2012","format":false,"excerpt":"Empieza la primera edicion de Feelmotion con una brillante presentacion con bastante puesta de escena.","rel":"","context":"In &quot;Animaci\u00f3n&quot;","block_context":{"text":"Animaci\u00f3n","link":"https:\/\/www.danielparente.net\/es\/category\/animacion-2\/"},"img":{"alt_text":"","src":"","width":0,"height":0},"classes":[]},{"id":2366,"url":"https:\/\/www.danielparente.net\/es\/grand-premiere-de-cortos-de-toshiba\/","url_meta":{"origin":1420,"position":4},"title":"Grand Premiere de Cortos de Toshiba","author":"danielparente","date":"17 July, 2012","format":false,"excerpt":"Un peque\u00f1o video resumen de la grande premiere de cortos de hace algunas semanas en la Gran Via Madrile\u00f1a (Plaza de Callao), promovida por Toshiba y donde uno de los cortos creados en ESNE ganaran dos premios por votaci\u00f3n a trav\u00e9s de facebook. Descripci\u00f3n\/Fichas t\u00e9cnicas de los cortos: \u00a0Cortometraje:\u00a0MATANDO EL\u2026","rel":"","context":"In &quot;Animaci\u00f3n&quot;","block_context":{"text":"Animaci\u00f3n","link":"https:\/\/www.danielparente.net\/es\/category\/animacion-2\/"},"img":{"alt_text":"","src":"https:\/\/i0.wp.com\/img.youtube.com\/vi\/l_DXB31NsWs\/0.jpg?resize=350%2C200","width":350,"height":200},"classes":[]},{"id":5412,"url":"https:\/\/www.danielparente.net\/es\/quieres-aprender-a-animar-viene-a-la-madrid-animation-conference\/","url_meta":{"origin":1420,"position":5},"title":"Quieres aprender a animar ? Viene a la Madrid Animation Conference","author":"danielparente","date":"13 December, 2013","format":false,"excerpt":"Dentro del proceso de lanzamiento del grado de cine de animaci\u00f3n por parte de ESNE, y como forma de ir calentando motores dando la posibilidad a todos los interesados de poder validar si realmente es lo que quieren estudiar o hacer, \u00a0o aprender un poco mas sobre el proceso de\u2026","rel":"","context":"In &quot;Animacion&quot;","block_context":{"text":"Animacion","link":"https:\/\/www.danielparente.net\/es\/category\/animacion-3\/"},"img":{"alt_text":"madrid_animation_conference","src":"https:\/\/i0.wp.com\/www.danielparente.net\/es\/wp-content\/uploads\/sites\/2\/2013\/12\/madrid_animation_conference.jpg?resize=350%2C200","width":350,"height":200,"srcset":"https:\/\/i0.wp.com\/www.danielparente.net\/es\/wp-content\/uploads\/sites\/2\/2013\/12\/madrid_animation_conference.jpg?resize=350%2C200 1x, https:\/\/i0.wp.com\/www.danielparente.net\/es\/wp-content\/uploads\/sites\/2\/2013\/12\/madrid_animation_conference.jpg?resize=525%2C300 1.5x"},"classes":[]}],"jetpack_shortlink":"https:\/\/wp.me\/p2TqUj-mU","jetpack_sharing_enabled":true,"jetpack_featured_media_url":"","_links":{"self":[{"href":"https:\/\/www.danielparente.net\/es\/wp-json\/wp\/v2\/posts\/1420","targetHints":{"allow":["GET"]}}],"collection":[{"href":"https:\/\/www.danielparente.net\/es\/wp-json\/wp\/v2\/posts"}],"about":[{"href":"https:\/\/www.danielparente.net\/es\/wp-json\/wp\/v2\/types\/post"}],"author":[{"embeddable":true,"href":"https:\/\/www.danielparente.net\/es\/wp-json\/wp\/v2\/users\/1"}],"replies":[{"embeddable":true,"href":"https:\/\/www.danielparente.net\/es\/wp-json\/wp\/v2\/comments?post=1420"}],"version-history":[{"count":0,"href":"https:\/\/www.danielparente.net\/es\/wp-json\/wp\/v2\/posts\/1420\/revisions"}],"wp:attachment":[{"href":"https:\/\/www.danielparente.net\/es\/wp-json\/wp\/v2\/media?parent=1420"}],"wp:term":[{"taxonomy":"category","embeddable":true,"href":"https:\/\/www.danielparente.net\/es\/wp-json\/wp\/v2\/categories?post=1420"},{"taxonomy":"post_tag","embeddable":true,"href":"https:\/\/www.danielparente.net\/es\/wp-json\/wp\/v2\/tags?post=1420"}],"curies":[{"name":"wp","href":"https:\/\/api.w.org\/{rel}","templated":true}]}}