{"id":1438,"date":"2012-04-20T17:02:35","date_gmt":"2012-04-20T16:02:35","guid":{"rendered":"https:\/\/danielrparente.wordpress.com\/?p=1438"},"modified":"2012-04-20T17:02:35","modified_gmt":"2012-04-20T16:02:35","slug":"empieza-la-primera-edicion-de-feelmotion","status":"publish","type":"post","link":"https:\/\/www.danielparente.net\/es\/empieza-la-primera-edicion-de-feelmotion\/","title":{"rendered":"Empieza la primera edicion de feelmotion"},"content":{"rendered":"<p>Empieza la primera edicion de Feelmotion con una brillante presentacion con bastante puesta de escena.<\/p>\n<p><img decoding=\"async\" title=\"1334937644482.jpg\" class=\"alignnone\" alt=\"image\" src=\"http:\/\/danielrparente.files.wordpress.com\/2012\/04\/wpid-1334937644482.jpg\"\/><\/p>\n","protected":false},"excerpt":{"rendered":"<p>Empieza la primera edicion de Feelmotion con una brillante presentacion con bastante puesta de escena.<\/p>\n","protected":false},"author":1,"featured_media":0,"comment_status":"open","ping_status":"open","sticky":false,"template":"","format":"standard","meta":{"_jetpack_newsletter_access":"","_jetpack_dont_email_post_to_subs":false,"_jetpack_newsletter_tier_id":0,"_jetpack_memberships_contains_paywalled_content":false,"_jetpack_feature_clip_id":0,"_jetpack_memberships_contains_paid_content":false,"footnotes":"","jetpack_post_was_ever_published":false},"categories":[6,7,41,42],"tags":[175,669,3801,891,899,3815],"class_list":["post-1438","post","type-post","status-publish","format-standard","hentry","category-animacion-2","category-animacion-y-cine-digital","category-esne","category-eventos-esne","tag-animacion","tag-diseno","tag-esne","tag-feelmotion","tag-festival-de-cortos","tag-videojuegos"],"blocksy_meta":{"styles_descriptor":{"styles":{"desktop":"","tablet":"","mobile":""},"google_fonts":[],"version":7}},"jetpack-related-posts":[{"id":1420,"url":"https:\/\/www.danielparente.net\/es\/io-festival-de-cortos-en-esne-feelmotion\/","url_meta":{"origin":1438,"position":0},"title":"I\u00ba Festival de Cortos en ESNE : Feelmotion","author":"danielparente","date":"18 April, 2012","format":false,"excerpt":"Dentro del nuevo grado de cine de animaci\u00f3n que lanzamos este a\u00f1o, generamos un nuevo festival de cortos, que tiene este viernes 20 de Abril, su primera edici\u00f3n. Os dejo con la nota de prensa, y con la recomendaci\u00f3n de a todos los que les guste los cortos, que acudan\u2026","rel":"","context":"In &quot;Animaci\u00f3n&quot;","block_context":{"text":"Animaci\u00f3n","link":"https:\/\/www.danielparente.net\/es\/category\/animacion-2\/"},"img":{"alt_text":"","src":"https:\/\/danielrparente.files.wordpress.com\/2012\/04\/feelmotion_esne.jpg?w=350&h=200&crop=1","width":350,"height":200,"srcset":"https:\/\/danielrparente.files.wordpress.com\/2012\/04\/feelmotion_esne.jpg?w=350&h=200&crop=1 1x, https:\/\/danielrparente.files.wordpress.com\/2012\/04\/feelmotion_esne.jpg?w=525&h=300&crop=1 1.5x"},"classes":[]},{"id":4634,"url":"https:\/\/www.danielparente.net\/es\/jornadas-sobre-cine-de-animacion-en-esne\/","url_meta":{"origin":1438,"position":1},"title":"Jornadas sobre cine de animaci\u00f3n en ESNE","author":"danielparente","date":"30 May, 2013","format":false,"excerpt":"\u00a0 Dentro del grande evento anual que organiza ESNE para ense\u00f1ar \u00a0de forma abierta a todos los interesados lo que hacemos en los diversos grados existentes ESNE, organizamos ma\u00f1ana dentro del otro grado del que soy responsable, Cine de Animaci\u00f3n, unas jornadas muy interesantes sobre el cine de animaci\u00f3n en\u2026","rel":"","context":"In &quot;Animacion&quot;","block_context":{"text":"Animacion","link":"https:\/\/www.danielparente.net\/es\/category\/animacion-3\/"},"img":{"alt_text":"","src":"https:\/\/i0.wp.com\/e928cfdc7rs.exactdn.com\/info\/uploads\/sites\/2\/2013\/05\/animation_galloping_horse.jpg?resize=350%2C200&ssl=1","width":350,"height":200,"srcset":"https:\/\/i0.wp.com\/e928cfdc7rs.exactdn.com\/info\/uploads\/sites\/2\/2013\/05\/animation_galloping_horse.jpg?resize=350%2C200&ssl=1 1x, https:\/\/i0.wp.com\/e928cfdc7rs.exactdn.com\/info\/uploads\/sites\/2\/2013\/05\/animation_galloping_horse.jpg?resize=525%2C300&ssl=1 1.5x"},"classes":[]},{"id":1081,"url":"https:\/\/www.danielparente.net\/es\/i-festival-de-cortos-en-esne\/","url_meta":{"origin":1438,"position":2},"title":"I festival de cortos en ESNE","author":"danielparente","date":"19 March, 2012","format":false,"excerpt":"Como muchos sabr\u00e1n, estamos creando en el ESNE un grado oficial en cine de animaci\u00f3n, y a pesar de que no tenemos todav\u00eda alumnos en el grado, los que tenemos actualmente en los grados de dise\u00f1o multim\u00e9dia y gr\u00e1fico, y videojuegos, tienen mas que capacidad y conocimiento para atraverse con\u2026","rel":"","context":"In &quot;Animaci\u00f3n y Cine Digital&quot;","block_context":{"text":"Animaci\u00f3n y Cine Digital","link":"https:\/\/www.danielparente.net\/es\/category\/animacion-y-cine-digital\/"},"img":{"alt_text":"","src":"https:\/\/i0.wp.com\/img.youtube.com\/vi\/UULWYhilr3PfR0cinlcEvcQw\/0.jpg?resize=350%2C200","width":350,"height":200},"classes":[]},{"id":2366,"url":"https:\/\/www.danielparente.net\/es\/grand-premiere-de-cortos-de-toshiba\/","url_meta":{"origin":1438,"position":3},"title":"Grand Premiere de Cortos de Toshiba","author":"danielparente","date":"17 July, 2012","format":false,"excerpt":"Un peque\u00f1o video resumen de la grande premiere de cortos de hace algunas semanas en la Gran Via Madrile\u00f1a (Plaza de Callao), promovida por Toshiba y donde uno de los cortos creados en ESNE ganaran dos premios por votaci\u00f3n a trav\u00e9s de facebook. Descripci\u00f3n\/Fichas t\u00e9cnicas de los cortos: \u00a0Cortometraje:\u00a0MATANDO EL\u2026","rel":"","context":"In &quot;Animacion&quot;","block_context":{"text":"Animacion","link":"https:\/\/www.danielparente.net\/es\/category\/animacion-3\/"},"img":{"alt_text":"","src":"https:\/\/i0.wp.com\/img.youtube.com\/vi\/l_DXB31NsWs\/0.jpg?resize=350%2C200","width":350,"height":200},"classes":[]},{"id":917,"url":"https:\/\/www.danielparente.net\/es\/animacion-y-cine-digital\/","url_meta":{"origin":1438,"position":4},"title":"Animaci\u00f3n y Cine digital","author":"danielparente","date":"14 February, 2012","format":false,"excerpt":"Ya es oficial, \u00a0acabamos de lanzar el primer grado oficial (plan Bolo\u00f1a) de animaci\u00f3n y cine digital, un programa muy ambicioso \u00a0que tiene por finalidad, contribuir a mejorar, la de si ya elevada calidad de nuestro sector de la animaci\u00f3n y del cine ( en su vertiente digital). El plan\u2026","rel":"","context":"In &quot;Animaci\u00f3n y Cine Digital&quot;","block_context":{"text":"Animaci\u00f3n y Cine Digital","link":"https:\/\/www.danielparente.net\/es\/category\/animacion-y-cine-digital\/"},"img":{"alt_text":"","src":"","width":0,"height":0},"classes":[]},{"id":1150,"url":"https:\/\/www.danielparente.net\/es\/sabado-de-cortos\/","url_meta":{"origin":1438,"position":5},"title":"Sabado de cortos","author":"danielparente","date":"31 March, 2012","format":false,"excerpt":"Como ayer no me dio tiempo hacer una recompilaci\u00f3n de los cortos mas interesantes que he visto durante la semana, no hay nada mejor que hacerlo un s\u00e1bado. arteyanimacion.es Vimeo.com youtube.com theanimationblog.com lineboil.com","rel":"","context":"In &quot;Animacion&quot;","block_context":{"text":"Animacion","link":"https:\/\/www.danielparente.net\/es\/category\/animacion-3\/"},"img":{"alt_text":"","src":"","width":0,"height":0},"classes":[]}],"jetpack_shortlink":"https:\/\/wp.me\/p2TqUj-nc","jetpack_sharing_enabled":true,"jetpack_featured_media_url":"","_links":{"self":[{"href":"https:\/\/www.danielparente.net\/es\/wp-json\/wp\/v2\/posts\/1438","targetHints":{"allow":["GET"]}}],"collection":[{"href":"https:\/\/www.danielparente.net\/es\/wp-json\/wp\/v2\/posts"}],"about":[{"href":"https:\/\/www.danielparente.net\/es\/wp-json\/wp\/v2\/types\/post"}],"author":[{"embeddable":true,"href":"https:\/\/www.danielparente.net\/es\/wp-json\/wp\/v2\/users\/1"}],"replies":[{"embeddable":true,"href":"https:\/\/www.danielparente.net\/es\/wp-json\/wp\/v2\/comments?post=1438"}],"version-history":[{"count":0,"href":"https:\/\/www.danielparente.net\/es\/wp-json\/wp\/v2\/posts\/1438\/revisions"}],"wp:attachment":[{"href":"https:\/\/www.danielparente.net\/es\/wp-json\/wp\/v2\/media?parent=1438"}],"wp:term":[{"taxonomy":"category","embeddable":true,"href":"https:\/\/www.danielparente.net\/es\/wp-json\/wp\/v2\/categories?post=1438"},{"taxonomy":"post_tag","embeddable":true,"href":"https:\/\/www.danielparente.net\/es\/wp-json\/wp\/v2\/tags?post=1438"}],"curies":[{"name":"wp","href":"https:\/\/api.w.org\/{rel}","templated":true}]}}