{"id":1859,"date":"2012-05-23T12:08:33","date_gmt":"2012-05-23T11:08:33","guid":{"rendered":"https:\/\/danielrparente.wordpress.com\/?p=1859"},"modified":"2012-05-23T12:08:33","modified_gmt":"2012-05-23T11:08:33","slug":"presentacion-del-observatorio-del-diseno-espanol-y-del-estudio-del-valor-del-diseno-en-el-pib-espanol","status":"publish","type":"post","link":"https:\/\/www.danielparente.net\/es\/presentacion-del-observatorio-del-diseno-espanol-y-del-estudio-del-valor-del-diseno-en-el-pib-espanol\/","title":{"rendered":"Presentacion del Observatorio del Dise\u00f1o Espa\u00f1ol y del estudio del valor del dise\u00f1o en el PIB Espa\u00f1ol"},"content":{"rendered":"<p><a href=\"http:\/\/danielrparente.files.wordpress.com\/2012\/05\/imagen-portada-estudio.png\" target=\"_blank\" rel=\"noopener\"><img fetchpriority=\"high\" decoding=\"async\" class=\"aligncenter size-full wp-image-1873\" title=\"imagen-portada-estudio\" src=\"http:\/\/danielrparente.files.wordpress.com\/2012\/05\/imagen-portada-estudio.png\" alt=\"\" width=\"300\" height=\"298\" srcset=\"https:\/\/e928cfdc7rs.exactdn.com\/info\/uploads\/sites\/2\/2012\/05\/imagen-portada-estudio.png?strip=all 300w, https:\/\/e928cfdc7rs.exactdn.com\/info\/uploads\/sites\/2\/2012\/05\/imagen-portada-estudio-150x150.png?strip=all 150w, https:\/\/e928cfdc7rs.exactdn.com\/info\/uploads\/sites\/2\/2012\/05\/imagen-portada-estudio.png?strip=all&amp;w=60 60w, https:\/\/e928cfdc7rs.exactdn.com\/info\/uploads\/sites\/2\/2012\/05\/imagen-portada-estudio.png?strip=all&amp;w=210 210w\" sizes=\"(max-width: 300px) 100vw, 300px\"\/><\/a><\/p>\n<p><a title=\"ESNE\" href=\"http:\/\/web.esne.es\" target=\"_blank\" rel=\"noopener\">ESNE<\/a> es una escuela universitaria at&#xED;pica, que se mueve en un modelo que no corresponde con el modelo espa&#xF1;ol, si no mas bien con el modelo americano. Esto hace que sea una universidad viva, en continuo cambio con actividades enfocadas a acortar la brecha entre universidad y empresa, y de esta forma mejorar la competitividad de la econom&#xED;a espa&#xF1;ola.<\/p>\n<p>Dentro de esas iniciativas, hoy toca la presentaci&#xF3;n oficial del <a title=\"OED\" href=\"http:\/\/oed.esne.es\" target=\"_blank\" rel=\"noopener\">Observatorio del Dise&#xF1;o Espa&#xF1;o<\/a>l.<\/p><div id=\"danie-2437788487\" class=\"danie-content danie-entity-placement\"><script async src=\"\/\/pagead2.googlesyndication.com\/pagead\/js\/adsbygoogle.js?client=ca-pub-4906861079337018\" crossorigin=\"anonymous\"><\/script><ins class=\"adsbygoogle\" style=\"display:block; text-align:center;\" data-ad-client=\"ca-pub-4906861079337018\" data-ad-slot=\"8576260680\" data-ad-layout=\"in-article\" data-ad-format=\"fluid\"><\/ins>\n<script> \n(adsbygoogle = window.adsbygoogle || []).push({}); \n<\/script>\n<\/div>\n<p><a href=\"http:\/\/danielrparente.files.wordpress.com\/2012\/05\/logo_oed1.png\" target=\"_blank\" rel=\"noopener\"><img decoding=\"async\" class=\"aligncenter size-full wp-image-1874\" title=\"logo_oed1\" src=\"http:\/\/danielrparente.files.wordpress.com\/2012\/05\/logo_oed1.png\" alt=\"\" width=\"68\" height=\"133\"\/><\/a><br>\n<img decoding=\"async\" class=\"alignnone\" title=\"2012-05-23_12-43-21_819.jpg\" src=\"http:\/\/danielrparente.files.wordpress.com\/2012\/05\/wpid-2012-05-23_12-43-21_819.jpg\" alt=\"image\"\/><\/p>\n<p>Rafael Diaz, su presidente, nos introduce a un proyecto ciertamente interesante por el valor del dise&#xF1;o en la actualidad, y sobre lo importante que es el dise&#xF1;o para el valor y la competitividad espa&#xF1;ola.<br>\n<img decoding=\"async\" class=\"alignnone\" title=\"1337770162516.jpg\" src=\"http:\/\/danielrparente.files.wordpress.com\/2012\/05\/wpid-1337770162516.jpg\" alt=\"image\"\/><\/p>\n<p>Por su lado Bego&#xF1;a Cristeto, consejera delegada de ENISA, que han apoyado desde el principio el proyecto, hablo de lo importante de facilitar la financiaci&#xF3;n a las PYMES espa&#xF1;olas para ayudarlas a conseguir su potencial y de esta forma empujarlas a poder crecer, internacionalizar, innovar y poder competir de una forma mas exitosa y segura.<\/p>\n<p>Luis Manuel Tolmos, director ejecutivo del OED, presento el alcance del OED y de su primer&#xA0; estudio sobre el valor del dise&#xF1;o en producto interno bruto espa&#xF1;ol.<\/p>\n<p><img decoding=\"async\" class=\"alignnone\" title=\"1337770469423.jpg\" src=\"http:\/\/danielrparente.files.wordpress.com\/2012\/05\/wpid-1337770469423.jpg\" alt=\"image\"\/><\/p>\n<p>De la <a title=\"Universidad de Valencia\" href=\"http:\/\/www.uv.es\/\" target=\"_blank\" rel=\"noopener\">Universidad de Valencia<\/a> que fueran las seleccionadas por el OED&#xA0; para realizar el estudio,&#xA0; presentaran Carolina Tomas, y&#xA0; Andreea Apetrei, investigadora de una universidad Romena, Profesor catedr&#xE1;tico Domingo Ribero Soriano que coordino el trabajo no puede estar en el evento.<\/p>\n<p>Carolina Tomas, nos hablo sobre la forma como se hab&#xED;a realizado el estudio y sobre lo complejo que resulto encontrar informaci&#xF3;n, dado que hay muy pocos datos que se pueden utilizar para este prop&#xF3;sito, y el que hay, no representa muchas veces la totalidad de las actividades relacionadas con el dise&#xF1;o.<\/p>\n<p>El dise&#xF1;o ocupa un 6% del PIB, habiendo bajado en este ultimo a&#xF1;o desde el 9% en a&#xF1;os anteriores<\/p>\n<p>Madrid, Catalu&#xF1;a, Comunidad Valenciana y Andalucia son las comunidades con mas volumen de negocio de dise&#xF1;o.<\/p>\n<p>Andreea Apetrei, a su vez, nos hablo del ejemplo internacional y lo que podemos encontrar en otros pa&#xED;ses, como por ejemplo Suecia, donde hay una fuerte colaboraci&#xF3;n entre industria y el gobierno<\/p>\n<p>&#x2013; Dinamarca tiene una realidad semejante, donde hay fuertes v&#xED;nculos ente gobierno y industrias, ademas Dinamarca recoge como objetivo estrat&#xE9;gico de pa&#xED;s, ser el mas importante en t&#xE9;rminos de dise&#xF1;o en 2015.<\/p>\n<p><img decoding=\"async\" class=\"alignnone\" title=\"2012-05-23_13-04-28_922.jpg\" src=\"http:\/\/danielrparente.files.wordpress.com\/2012\/05\/wpid-2012-05-23_13-04-28_922.jpg\" alt=\"image\"\/><\/p>\n<p>&#x2013; Canada, tiene el objetivo de promover la marca &#x201C;Canada by design&#x201D; como referencia a nivel internacional; y cuenta con un proyecto &#x201C;designedge Canada&#x201D; que consiste en&#xA0; una revista online, en que se procura impulsar dinamismo al dise&#xF1;o en Canada, con noticias, trabajos, calendario de eventos y muchos otros tipos de recursos.<\/p>\n<p><strong>Como podemos mejorar la marca Espa&#xF1;a?<\/strong><\/p>\n<p>Algunos consejos.<br>\n&#x2013; emprendimiento<br>\n&#x2013; promoci&#xF3;n<br>\n&#x2013; educaci&#xF3;n, con talleres, cursos<br>\n&#x2013; investigaci&#xF3;n y publicacion de las mismas<br>\n&#x2013; trabajo coordinado entre organismos y empresas<\/p>\n<p><img decoding=\"async\" class=\"alignnone\" title=\"1337771368812.jpg\" src=\"http:\/\/danielrparente.files.wordpress.com\/2012\/05\/wpid-1337771368812.jpg\" alt=\"image\"\/><\/p>\n<p>Como conclusi&#xF3;n y como reto a sobrepasar se ha comentada que a Espa&#xF1;a le falta consciencia y tradici&#xF3;n en el valor del dise&#xF1;o, y que esto tiene que cambiar.<\/p>\n<p>&#xA0;<\/p>\n<p>Para los que est&#xE9;n interesados en leer el estudio, este&#xA0; puede ser encontrado en slideshare:<\/p>\n<iframe src=\"https:\/\/www.slideshare.net\/slideshow\/embed_code\/13025895\" width=\"1290\" height=\"1057\" sandbox=\"allow-popups allow-scripts allow-same-origin allow-presentation\" allowfullscreen webkitallowfullscreen mozallowfullscreen><\/iframe>\n","protected":false},"excerpt":{"rendered":"<p>ESNE es una escuela universitaria at&#xED;pica, que se mueve en un modelo que no corresponde con el modelo espa&#xF1;ol, si no mas bien con el modelo americano. Esto hace que sea una universidad viva, en continuo cambio con actividades enfocadas a acortar la brecha entre universidad y empresa, y de esta forma mejorar la competitividad [&#x2026;]<\/p>\n","protected":false},"author":1,"featured_media":0,"comment_status":"open","ping_status":"open","sticky":false,"template":"","format":"standard","meta":{"_jetpack_newsletter_access":"","_jetpack_dont_email_post_to_subs":false,"_jetpack_newsletter_tier_id":0,"_jetpack_memberships_contains_paywalled_content":false,"_jetpack_feature_clip_id":0,"_jetpack_memberships_contains_paid_content":false,"footnotes":"","jetpack_post_was_ever_published":false},"categories":[28,34,41,42,47,98,109],"tags":[800,3801,1513,1518,1984],"class_list":["post-1859","post","type-post","status-publish","format-standard","hentry","category-datos-informes-de-sector","category-educacion-2","category-esne","category-eventos-esne","category-gestion","category-sociedad-digital","category-videojuegos","tag-enisa-universidad-de-valencia","tag-esne","tag-observatorio-del-diseno-espanol","tag-oed","tag-valor-del-diseno-en-el-pib-espanol"],"blocksy_meta":{"styles_descriptor":{"styles":{"desktop":"","tablet":"","mobile":""},"google_fonts":[],"version":7}},"jetpack-related-posts":[{"id":179,"url":"https:\/\/www.danielparente.net\/es\/raices-del-diseno-espanol\/","url_meta":{"origin":1859,"position":0},"title":"Raices del dise\u00f1o Espa\u00f1ol","author":"danielparente","date":"16 June, 2011","format":false,"excerpt":"RA\u00cdCES es el Evento y Exposici\u00f3n de Fin de Curso de La Escuela ESNE donde los alumnos de la escuela de dise\u00f1o exponen sus trabajos de fin de carrera, el pr\u00f3ximo 30 de Junio a las\u00a0 19:00h\u00a0 en el Matadero de Madrid.. La Escuela Universitaria de Dise\u00f1o ESNE y Matadero\u2026","rel":"","context":"In &quot;ESNE&quot;","block_context":{"text":"ESNE","link":"https:\/\/www.danielparente.net\/es\/category\/esne\/"},"img":{"alt_text":"","src":"https:\/\/danielrparente.files.wordpress.com\/2011\/06\/logo_raices.jpg?w=350&h=200&crop=1","width":350,"height":200,"srcset":"https:\/\/danielrparente.files.wordpress.com\/2011\/06\/logo_raices.jpg?w=350&h=200&crop=1 1x, https:\/\/danielrparente.files.wordpress.com\/2011\/06\/logo_raices.jpg?w=525&h=300&crop=1 1.5x"},"classes":[]},{"id":4611,"url":"https:\/\/www.danielparente.net\/es\/primer-simposio-internacional-de-cloud-computing-y-computacion-ubicua\/","url_meta":{"origin":1859,"position":1},"title":"Primer simposio Internacional de cloud computing y computaci\u00f3n Ubicua","author":"danielparente","date":"25 May, 2013","format":false,"excerpt":"El nuevo grado en Ingenieria en Cloud Computing y Computaci\u00f3n ubicua empieza a moverse de forma dinamica y con mucha fuerza, dado el alto valor a\u00f1adido que puede representar para la economia espa\u00f1ola y europea en los proximos a\u00f1os. Dentro de las actividades de evangelizaci\u00f3n del mismo, el pr\u00f3ximo Lunes\u2026","rel":"","context":"In &quot;Cloud Computing&quot;","block_context":{"text":"Cloud Computing","link":"https:\/\/www.danielparente.net\/es\/category\/cloud-computing-2\/"},"img":{"alt_text":"","src":"https:\/\/i0.wp.com\/e928cfdc7rs.exactdn.com\/info\/uploads\/sites\/2\/2013\/05\/relax_cloudcomputing.jpg?resize=350%2C200&ssl=1","width":350,"height":200,"srcset":"https:\/\/i0.wp.com\/e928cfdc7rs.exactdn.com\/info\/uploads\/sites\/2\/2013\/05\/relax_cloudcomputing.jpg?resize=350%2C200&ssl=1 1x, https:\/\/i0.wp.com\/e928cfdc7rs.exactdn.com\/info\/uploads\/sites\/2\/2013\/05\/relax_cloudcomputing.jpg?resize=525%2C300&ssl=1 1.5x"},"classes":[]},{"id":39,"url":"https:\/\/www.danielparente.net\/es\/la-epoca-dorada-de-los-videojuegos-espanoles\/","url_meta":{"origin":1859,"position":2},"title":"LA EPOCA DORADA DE LOS VIDEOJUEGOS ESPA\u00d1OLES","author":"danielparente","date":"30 March, 2011","format":false,"excerpt":":) Dentro del espirito de construir una industria nuevamente fuerte de los videojuegos, no hay mejor forma de hacerlo que mirar a los exitos y fracasos de nuestro pasado reciente, y de oirlo de primera voz, de quien ha tenido un papel fulcral en ello, y medirlo a luz de\u2026","rel":"","context":"In &quot;Desarrollo de videojuegos&quot;","block_context":{"text":"Desarrollo de videojuegos","link":"https:\/\/www.danielparente.net\/es\/category\/desarrollo-de-videojuegos-2\/"},"img":{"alt_text":"","src":"","width":0,"height":0},"classes":[]},{"id":210,"url":"https:\/\/www.danielparente.net\/es\/nota-de-prensa-sobre-la-jornada-de-nuevas-oportunidades-de-negocio-en-videojuego\/","url_meta":{"origin":1859,"position":3},"title":"Nota de prensa sobre la jornada de nuevas oportunidades de negocio en videojuego","author":"danielparente","date":"24 June, 2011","format":false,"excerpt":"Dentro del ciclo Madrid Game Conference 2012 Primera Jornada sobre los NUEVOS MODELOS DE NEGOCIO Y NUEVAS OPORTUNIDADES EN VIDEOJUEGOS Dentro del Ciclo Anual de jornadas y conferencias en torno a los videojuegos\u00a0 y sus oportunidades de negocio organizado por el Campus de Dise\u00f1o ESNE de la Universidad Camilo Jos\u00e9\u2026","rel":"","context":"In &quot;ESNE&quot;","block_context":{"text":"ESNE","link":"https:\/\/www.danielparente.net\/es\/category\/esne\/"},"img":{"alt_text":"","src":"","width":0,"height":0},"classes":[]},{"id":241,"url":"https:\/\/www.danielparente.net\/es\/como-se-fabrica-un-disenador\/","url_meta":{"origin":1859,"position":4},"title":"Como se fabrica un dise\u00f1ador?","author":"danielparente","date":"4 July, 2011","format":false,"excerpt":"El pasado 30 de Junio en el Matadero de Madrid se inauguro la exposici\u00f3n colectiva \"Raices : Como se fabrica un dise\u00f1ador\", en que se ense\u00f1aran muchos de los trabajos realizados por los alumnos de los 4 grados oficiales del ESNE, y en que se abordo en algunas conferencias, la\u2026","rel":"","context":"In &quot;Arte videojuegos&quot;","block_context":{"text":"Arte videojuegos","link":"https:\/\/www.danielparente.net\/es\/category\/arte-videojuegos\/"},"img":{"alt_text":"","src":"","width":0,"height":0},"classes":[]},{"id":1330,"url":"https:\/\/www.danielparente.net\/es\/esne-centro-de-experiencia-de-microsoft\/","url_meta":{"origin":1859,"position":5},"title":"ESNE Centro de experiencia de Microsoft","author":"danielparente","date":"12 April, 2012","format":false,"excerpt":"ya fumos filtrando ayer algunas pinceladas ayer por la tarde, pero hoy ya de forma oficial, podemos oficialmente anunciar que el ESNE es el centro de experiencias de Microsoft, en un acuerdo importante del punto de vista de muchas de las tecnologias y de las esfuerzos que estubimos haciendo en\u2026","rel":"","context":"In &quot;ESNE&quot;","block_context":{"text":"ESNE","link":"https:\/\/www.danielparente.net\/es\/category\/esne\/"},"img":{"alt_text":"","src":"https:\/\/danielrparente.files.wordpress.com\/2012\/04\/esne_logo_pequec3b1o.jpg?w=350&h=200&crop=1","width":350,"height":200},"classes":[]}],"jetpack_shortlink":"https:\/\/wp.me\/p2TqUj-tZ","jetpack_sharing_enabled":true,"jetpack_featured_media_url":"","_links":{"self":[{"href":"https:\/\/www.danielparente.net\/es\/wp-json\/wp\/v2\/posts\/1859","targetHints":{"allow":["GET"]}}],"collection":[{"href":"https:\/\/www.danielparente.net\/es\/wp-json\/wp\/v2\/posts"}],"about":[{"href":"https:\/\/www.danielparente.net\/es\/wp-json\/wp\/v2\/types\/post"}],"author":[{"embeddable":true,"href":"https:\/\/www.danielparente.net\/es\/wp-json\/wp\/v2\/users\/1"}],"replies":[{"embeddable":true,"href":"https:\/\/www.danielparente.net\/es\/wp-json\/wp\/v2\/comments?post=1859"}],"version-history":[{"count":0,"href":"https:\/\/www.danielparente.net\/es\/wp-json\/wp\/v2\/posts\/1859\/revisions"}],"wp:attachment":[{"href":"https:\/\/www.danielparente.net\/es\/wp-json\/wp\/v2\/media?parent=1859"}],"wp:term":[{"taxonomy":"category","embeddable":true,"href":"https:\/\/www.danielparente.net\/es\/wp-json\/wp\/v2\/categories?post=1859"},{"taxonomy":"post_tag","embeddable":true,"href":"https:\/\/www.danielparente.net\/es\/wp-json\/wp\/v2\/tags?post=1859"}],"curies":[{"name":"wp","href":"https:\/\/api.w.org\/{rel}","templated":true}]}}