{"id":241,"date":"2011-07-04T14:22:36","date_gmt":"2011-07-04T13:22:36","guid":{"rendered":"http:\/\/danielrparente.wordpress.com\/?p=241"},"modified":"2011-07-04T14:22:36","modified_gmt":"2011-07-04T13:22:36","slug":"como-se-fabrica-un-disenador","status":"publish","type":"post","link":"https:\/\/www.danielparente.net\/es\/como-se-fabrica-un-disenador\/","title":{"rendered":"Como se fabrica un dise\u00f1ador?"},"content":{"rendered":"<p>El pasado 30 de Junio en el Matadero de Madrid se inauguro la exposici&#xF3;n colectiva &#x201C;Raices : Como se fabrica un dise&#xF1;ador&#x201D;, en que se ense&#xF1;aran muchos de los trabajos realizados por los alumnos de los 4 grados oficiales del ESNE, y en que se abordo en algunas conferencias, la importancia del dise&#xF1;o para el futuro de la economia espa&#xF1;ola y de su competitividad en el mundo.<\/p>\n<p>La exposici&#xF3;n sigue activa hasta el pr&#xF3;ximo 8 de Julio, y merece la pena verse.<\/p><div id=\"danie-675676123\" class=\"danie-content danie-entity-placement\"><script async src=\"\/\/pagead2.googlesyndication.com\/pagead\/js\/adsbygoogle.js?client=ca-pub-4906861079337018\" crossorigin=\"anonymous\"><\/script><ins class=\"adsbygoogle\" style=\"display:block; text-align:center;\" data-ad-client=\"ca-pub-4906861079337018\" data-ad-slot=\"8576260680\" data-ad-layout=\"in-article\" data-ad-format=\"fluid\"><\/ins>\n<script> \n(adsbygoogle = window.adsbygoogle || []).push({}); \n<\/script>\n<\/div>\n<p>Dejo un link para la noticia de TVE que se hizo eco de la misma, asi como una copia de la noticia.<\/p>\n<p>&#xA0;<\/p>\n<p>http:\/\/www.rtve.es\/noticias\/20110701\/disenadores-del-futuro\/444986.shtml<\/p>\n<h1>Los dise&#xF1;adores del futuro<\/h1>\n<div>\n<ul>\n<li>&#x2018;Ra&#xED;ces del dise&#xF1;o Espa&#xF1;ol&#x2019; es un proyecto de fin de carrera de la ESNE<\/li>\n<li>Combina dise&#xF1;o multimedia y gr&#xE1;fico, interiorismo, moda y videojuegos<\/li>\n<li>La exposici&#xF3;n puede visitarse en &#x2018;Matadero&#x2019; hasta el 8 de julio<\/li>\n<\/ul>\n<\/div>\n<div><a id=\"720x600\" title=\"Ampliar foto\" href=\"http:\/\/www.rtve.es\/noticias\/components\/noticia\/popup\/6\/8\/9\/4\/foto444986_1143358.shtml\" rel=\"nofollow noopener\" target=\"_blank\">Ampliar foto<\/a><img decoding=\"async\" title=\"La exposici&#xF3;n 'Ra&#xED;ces del dise&#xF1;o espa&#xF1;ol' combina moda, Dise&#xF1;o Multimedia y Gr&#xE1;fico, Dise&#xF1;o de interiores, y de Videojuegos\" src=\"http:\/\/www.rtve.es\/imagenes\/exposicion-raices-del-diseno-espanol-combina-moda-diseno-multimedia-grafico-diseno-interiores-videojuegos\/1309531310017.jpg\" alt=\"La exposici&#xF3;n 'Ra&#xED;ces del dise&#xF1;o espa&#xF1;ol' combina moda, Dise&#xF1;o Multimedia y Gr&#xE1;fico, Dise&#xF1;o de interiores, y de Videojuegos\"\/>La exposici&#xF3;n &#x2019;Ra&#xED;ces del dise&#xF1;o espa&#xF1;ol&#x2019; combina moda, Dise&#xF1;o Multimedia y Gr&#xE1;fico, Dise&#xF1;o de interiores, y de VideojuegosManuel Rivas &#xC1;lvarez\n<\/div>\n<div>\n<div><\/div>\n<div><\/div>\n<div>\n<ul>\n<li><strong>Compartir<\/strong> :<\/li>\n<li><a title=\"Comparte esta p&#xE1;gina en 'Facebook'\" href=\"http:\/\/www.facebook.com\/sharer.php?u=http:\/\/rtve.es\/n\/444986\" rev=\"facebook.com\" target=\"_blank\" rel=\"noopener\"><img decoding=\"async\" src=\"http:\/\/www.rtve.es\/css\/i\/blank.gif\" alt=\"Facebook\" title=\"\"\/><\/a><\/li>\n<li><a title=\"Comparte esta p&#xE1;gina en 'Tuenti'\" href=\"http:\/\/www.tuenti.com\/share?url=http:\/\/rtve.es\/n\/444986\" rev=\"tuenti.com\" target=\"_blank\" rel=\"noopener\"><img decoding=\"async\" src=\"http:\/\/www.rtve.es\/css\/i\/blank.gif\" alt=\"Tuenti\" title=\"\"\/><\/a><\/li>\n<li><a title=\"meneame.net\" href=\"http:\/\/meneame.net\/submit.php\" rev=\"meneame.net\" target=\"_blank\" rel=\"noopener\"><img decoding=\"async\" src=\"http:\/\/www.rtve.es\/css\/i\/blank.gif\" alt=\"Men&#xE9;ame\" title=\"\"\/><\/a><\/li>\n<\/ul>\n<\/div>\n<\/div>\n<div>\n<div>\n<div><a id=\"339x600\" title=\"Ampliar foto \" href=\"http:\/\/www.rtve.es\/noticias\/components\/noticia\/popup\/6\/8\/9\/4\/foto444986_1143290.shtml\" rel=\"nofollow noopener\" target=\"_blank\">Ampliar foto <\/a><img decoding=\"async\" title=\"'Ra&#xED;ces del dise&#xF1;o espa&#xF1;ol'\" src=\"http:\/\/www.rtve.es\/imagenes\/raices-del-diseno-espanol\/1309529870020.jpg\" alt=\"'Ra&#xED;ces del dise&#xF1;o espa&#xF1;ol'\"\/>Originalidad y el uso de materiales diversos ha sido la clave del desfile de los alumnos de moda de la ESNEManuel Rivas &#xC1;lvarez\n<\/div>\n<div><a id=\"340x600\" title=\"Ampliar foto \" href=\"http:\/\/www.rtve.es\/noticias\/components\/noticia\/popup\/6\/8\/9\/4\/foto444986_1143302.shtml\" rel=\"nofollow noopener\" target=\"_blank\">Ampliar foto <\/a><img decoding=\"async\" title=\"'Ra&#xED;ces del dise&#xF1;o espa&#xF1;ol'\" src=\"http:\/\/www.rtve.es\/imagenes\/raices-del-diseno-espanol\/1309529879241.jpg\" alt=\"'Ra&#xED;ces del dise&#xF1;o espa&#xF1;ol'\"\/>El dise&#xF1;ador Juan DuyosManuel Rivas &#xC1;lvarez\n<\/div>\n<div><a id=\"340x600\" title=\"Ampliar foto \" href=\"http:\/\/www.rtve.es\/noticias\/components\/noticia\/popup\/6\/8\/9\/4\/foto444986_1143291.shtml\" rel=\"nofollow noopener\" target=\"_blank\">Ampliar foto <\/a><img decoding=\"async\" title=\"'Ra&#xED;ces del dise&#xF1;o espa&#xF1;ol'\" src=\"http:\/\/www.rtve.es\/imagenes\/raices-del-diseno-espanol\/1309529868560.jpg\" alt=\"'Ra&#xED;ces del dise&#xF1;o espa&#xF1;ol'\"\/>Diego Gronda (Director de Rockwell Europe Group)Manuel Rivas &#xC1;lvarez\n<\/div>\n<div><a title=\"Exposici&#xF3;n 'Ra&#xED;ces del dise&#xF1;o espa&#xF1;ol', en &quot;Matadero&quot;\" href=\"http:\/\/www.rtve.es\/mediateca\/fotos\/20110701\/exposicion-raices-del-diseno-espanol-matadero\/77435.shtml\" target=\"_blank\" rel=\"noopener\">Ir a fotogaler&#xED;a <\/a><a title=\"Exposici&#xF3;n 'Ra&#xED;ces del dise&#xF1;o espa&#xF1;ol', en &quot;Matadero&quot;\" href=\"http:\/\/www.rtve.es\/mediateca\/fotos\/20110701\/exposicion-raices-del-diseno-espanol-matadero\/77435.shtml\" target=\"_blank\" rel=\"noopener\"><img decoding=\"async\" title=\"'Ra&#xED;ces del dise&#xF1;o espa&#xF1;ol'\" src=\"http:\/\/www.rtve.es\/imagenes\/raices-del-diseno-espanol\/1309529879601.jpg\" alt=\"'Ra&#xED;ces del dise&#xF1;o espa&#xF1;ol'\"\/><\/a>Exposici&#xF3;n &#x2019;Ra&#xED;ces del dise&#xF1;o espa&#xF1;ol&#x2019;, en &#x201C;Matadero&#x201D;noticias\n<\/div>\n<div>\n<p>&#x2018;Ra&#xED;ces del dise&#xF1;o espa&#xF1;ol&#x2019;<\/p>\n<p>Lugar:&#xA0;Matadero Madrid<\/p>\n<p>Del 30 de junio al 8 de julio<\/p>\n<p>Entrada gratuita<\/p>\n<\/div>\n<\/div>\n<p><img decoding=\"async\" src=\"http:\/\/www.rtve.es\/resources\/png\/3\/6\/1275078500063.png\" alt=\"JES&#xDA;S JIM&#xC9;NEZ\" title=\"\"\/><strong>JES&#xDA;S JIM&#xC9;NEZ<\/strong>&#xA0;01.07.2011<em>Ra&#xED;ces del Dise&#xF1;o Espa&#xF1;ol<\/em>, la exposici&#xF3;n que puede verse (<strong>hasta el 8 de julio<\/strong>) en <strong>Matadero<\/strong>, es un <strong>vistazo al futuro<\/strong>, porque muestra los trabajos de fin de carrera de dise&#xF1;o gr&#xE1;fico ymultimedia, de moda, de interiores y de videojuegos, de los alumnos del <a href=\"http:\/\/www.esne.es\/\" target=\"_blank\" rel=\"noopener\">Campus de Dise&#xF1;o ESNE<\/a>, centro adscrito a la <a href=\"http:\/\/www.ucjc.es\/\" target=\"_blank\" rel=\"noopener\">Universidad Camilo Jos&#xE9; Cela<\/a>. La mejor pista de <strong>hacia d&#xF3;nde va el dise&#xF1;o espa&#xF1;ol<\/strong>.<\/p>\n<p>&#x201C;Son gente joven, con <strong>talento, ideas, ilusi&#xF3;n&#xA0; y energ&#xED;a<\/strong> para ponerlas en pr&#xE1;ctica&#x2026; me ense&#xF1;an cosas todos los d&#xED;as&#x201D;, asegura <strong>Juan Duyos<\/strong>, conocido dise&#xF1;ador y director de la carrera de moda de la ESNE.<\/p>\n<p>Del &#xE9;xito de esta exposici&#xF3;n, depende que <strong>aprueben o no la carrera<\/strong>, pero estamos seguro de que lo conseguir&#xE1;n, porque han creado una original escenograf&#xED;a compuesta por <strong>900 pales, 1,5 kil&#xF3;metros de soga<\/strong> (que simulan ra&#xED;ces), y <strong>m&#xE1;s de 100 obras <\/strong>de los alumnos de todas las disciplinas. Una escenograf&#xED;a hecha completamente con <strong>materiales reciclados<\/strong> y en la que el espectador puede perderse en el mundo del dise&#xF1;o.<\/p>\n<p>Ese es el marco de la exposici&#xF3;n t&#xED;tulada &#x2018;C&#xF3;mo se fabrica un dise&#xF1;ador&#x2019; y que&#xA0; nos muestra la evoluci&#xF3;n del desarrollo de un profesional del Dise&#xF1;o, desde sus primeros pasos (sus ra&#xED;ces) hasta convertirse en un profesional.<\/p>\n<p>Y el marco perfecto para la pasarela con la que han presentado los dise&#xF1;os de moda de los alumnos, que luego se <strong>han integrado en la exposici&#xF3;n<\/strong>.<\/p>\n<h2>&#x201C;Hay que invertir en la ense&#xF1;anza de moda&#x201D;<\/h2>\n<p>Juan Duyos asegura que el fue autodid&#xE1;cta, pero que &#x201C;Centors como este, son una oportunidad &#xFA;nica para <strong>aprender con maestros<\/strong>. Hay que <strong>invertir en la ense&#xF1;anza<\/strong> de moda para ser competitivo. Sin olvidar que hay que combinar dise&#xF1;o y utilidad. Por fortuna los chavales est&#xE1;n preparad&#xED;simos y dominan el dise&#xF1;o gr&#xE1;fico. Manejan el ordenador con soltura, lo que les permite trabajar con una r&#xE1;pidez incre&#xED;ble&#x201D;.<\/p>\n<p>&#x201C;Y tambi&#xE9;n es necesario, asegura Duyos, que nos unamos todos, dise&#xF1;o, prensa y, sobre todo, la industria, para que <strong>el dise&#xF1;o espa&#xF1;ol ocupe el lugar que le corrresponde<\/strong> en el mundo&#x201D;.<\/p>\n<p>&#x201C;Somos hombres orquesta. En Espa&#xF1;a hay dise&#xF1;adores que est&#xE1;n entre los mejores del mundo, la &#xFA;nica diferencia es que no hay inversores.&#xA0; Por desgracia <strong>s&#xF3;lo se sigue invirtiendo en ladrillo<\/strong>&#x201C;.<\/p>\n<h2>&#x201C;Hace falta un 15-M dentro del mundo del dise&#xF1;o&#x201D;<\/h2>\n<p>Duyos ha sido tambi&#xE9;n uno de los participantes en la mesa redonda &#x2018;La importancia del dise&#xF1;o espa&#xF1;ol&#x2019; en la que se ha debatido sobre su futuro y hacia donde se debe dirigir &#xBF;Vuelta a la artesan&#xED;a?, &#xBF;el lujo?, &#x2018;Localizaci&#xF3;n o globalizaci&#xF3;n?. Completaban la mesa, <strong>Diego Gronda<\/strong> (Director de Rockwell Europe Group), <strong>Manuel Estrada<\/strong> (Dise&#xF1;ador Gr&#xE1;fico) <strong>Enrique Loewe<\/strong> (Presidente de la Fundaci&#xF3;n Loewe), y el soci&#xF3;logo<strong> Juan Carlos Santos<\/strong>.<\/p>\n<p>&#x201C;Hace falta un 15-M dentro del mundo del dise&#xF1;o&#x201D; -asegura Juan carlos Santos -&#x201C;El dise&#xF1;ador es un <strong>explorador de mundos imaginarios<\/strong> para transmitirlos a la gente que construya y utilice esas ideas. Y para eso hay que involucrar a los empresarios para que <strong>se arriesguen a invertir en esas ideas<\/strong>&#x201C;.<\/p>\n<p>Algo en lo que est&#xE1; de acuerdo Enrique Loewe:&#xA0;&#x201C;En este pa&#xED;s de Quijotes, hay que colaborar. Hace a&#xF1;os que explot&#xF3; la gastronom&#xED;a espa&#xF1;ola y ahora le toca <strong>al dise&#xF1;o lanzarse a conquistar el mundo<\/strong>&#x201D;<\/p>\n<p>&#x201C;En el dise&#xF1;o internacional todo se globaliza y se parece cada vez m&#xE1;s, asegura Diego Gronda, pero creo que el adn espa&#xF1;ol va a ser uno de los grandes diferenciadores a nivel mundial.<strong> S&#xF3;lo falta despegar<\/strong>&#x201C;.<\/p>\n<p>&#x201C;La diferencia entre el art&#xED;sta y el dise&#xF1;ador -asegura Manuel Estrada- es que el dise&#xF1;ador tiene que dar en la diana, mientras&#xA0; que el artista tira la flecha y pinta la diana donde ha ca&#xED;do. El dise&#xF1;o tiene que ser la herramienta para <strong>salir de esta situaci&#xF3;n de crisis<\/strong> y de falta de ideas&#x201D;.<\/p>\n<h2>&#x201C;El dise&#xF1;o de interiores es ya digital e interactivo&#x201D;<\/h2>\n<p>&#x201C;Hemos hecho habitaciones en las que <strong>puedes cambiar de espacios<\/strong> para estar en medio de un bosque, de una cueva&#x2026; igual que en las pel&#xED;culas futuristas -Asegura Diego Gronda-. Lo m&#xE1;s curioso es que la tecnolog&#xED;a y el dise&#xF1;o ya han llegado a eso, pero nosotros no, todav&#xED;a lo vemos como artificial y lo estamos perfeccionando&#x201D;.<\/p>\n<p>&#x201C;Los que si lo van a asimilar m&#xE1;s f&#xE1;cilmente y a vivirlo de otra forma son las nuevas generaciones -puntualiza Gronda-. Por ejemplo, <strong>se pueden combinar videojuegos con interiorismo<\/strong>, veo mucho potencial en eso y la &#xFA;nica escuela que yo conozco que tiene esas dos disciplinas juntas es ESNE y estoy intentando ver cuales son los puntos de contanto entre el dise&#xF1;o de espacios interiores virtuales y reales. Y adem&#xE1;s se pueden dise&#xF1;ar espacios<strong> teniendo la moda como referencia<\/strong>&#x201C;.<\/p>\n<p>&#x201C;El dise&#xF1;o de interiores evoluciona hacia el lado digital e interactivo. Cada vez <strong>habitamos m&#xE1;s espacios interiores virtuales<\/strong> y cada vez los espacios reales se vuelven m&#xE1;s virtuales. D&#xF3;nde se traza la l&#xED;nea cada vez va a ser m&#xE1;s complicado. Ya hemos jugado con esos l&#xED;mites en varias instalaciones experimentales como la del Gran Portal la Bienal de Venecia de Arquitectura de 2008, en el que todo era virtual, y estaba basado en espacios virtuales de pel&#xED;culas&#x201D;.<\/p>\n<p>Uno de los proyectos m&#xE1;s originales y arriesgados de la exposici&#xF3;n es el de los alumnos de Dise&#xF1;o y Desarrollo de Videojuegos que, junto a los de Multimedia y Gr&#xE1;fico, <strong>han metido dentro de una Kinect las teor&#xED;as de Kandinsky<\/strong>.<\/p>\n<p>&#xA0;<\/p>\n<ul>\n<li><a href=\"http:\/\/www.rtve.es\/alacarta\/videos\/cultura\/exposicion-raices-del-diseno-espanol-kandinsky\/1143283\/\" rel=\"nofollow noopener\" rev=\"section_1\" target=\"_blank\">Exposici&#xF3;n &#x2018;Ra&#xED;ces del dise&#xF1;o espa&#xF1;ol&#x2019; (Kandinsky)<\/a><\/li>\n<\/ul>\n<h2>&#x201C;Hay que combinar dise&#xF1;o y funcionalidad&#x201D;<\/h2>\n<p>&#x201C;Es muy importante que el dise&#xF1;o de interiores sea funcional. Hay mucho vicio por hacer<strong> obras espectaculares sin ninguna funci&#xF3;n<\/strong>, en todas las disciplinas&#x201D;, asegura Gronda&#x201D;<\/p>\n<p>&#x201C;Un ejemplo es el Teatro Kodak, que nosotros constuimos, afirma el arquitecto y dise&#xF1;ador, fue un desaf&#xED;o hacer <strong>un teatro para 3200 personas<\/strong>, para un evento de un d&#xED;a al a&#xF1;o que van a ver millones de espectadores en todo el mundo&#x201D;.<\/p>\n<p>&#x201C;Por eso dise&#xF1;amos un espacio f&#xED;sico para ser <strong>experimentado a nivel virtual de manera exponencialmente m&#xE1;s grande<\/strong>. Y a la vez quer&#xED;amos que el teatro pudiese tener otros usos los otros 365 d&#xED;as del a&#xF1;o. Complementar el glamour de Hollywood, la noche de los Oscar, con la funcionalidad&#x201D;.<\/p>\n<p>&#x201C;El teatro lo dise&#xF1;amos en el a&#xF1;o 2000, fue un gran orgullo, pero la puntilla fue cuando en 2009 y 2010 nos invitaron a hacer la escenograf&#xED;a del evento. Ah&#xED; no solo hicimos la caja, sino que el espect&#xE1;culo tambi&#xE9;n lo dise&#xF1;amos nosotros&#x201D;.<\/p>\n<p>&#x201C;<strong>La transformaci&#xF3;n es la palabra clave del dise&#xF1;o<\/strong>. La gente joven cada vez tiene un menor nivel de atenci&#xF3;n a la informaci&#xF3;n que recibe, y la transformaci&#xF3;n de un espacio f&#xED;sico es fundamental. Por eso idear una retransmisi&#xF3;n como la de los Oscar, que cambia de escenograf&#xED;a<strong> 75 veces en tres horas<\/strong>, es un ejercicio mental que luego aplicamos en la construcci&#xF3;n y dise&#xF1;o de interiores de hoteles, spas, aeropuertos etc&#x201D;.<\/p>\n<p>&#x2018;Ra&#xED;ces del dise&#xF1;o Espa&#xF1;ol&#x2019; es una exposici&#xF3;n imprescindible para ver hacia d&#xF3;nde evoluciona el dise&#xF1;o espa&#xF1;ol y conocer a los futuros dise&#xF1;adores y creadores de estilo.<\/p>\n<\/div>\n","protected":false},"excerpt":{"rendered":"<p>El pasado 30 de Junio en el Matadero de Madrid se inauguro la exposici&#xF3;n colectiva &#x201C;Raices : Como se fabrica un dise&#xF1;ador&#x201D;, en que se ense&#xF1;aran muchos de los trabajos realizados por los alumnos de los 4 grados oficiales del ESNE, y en que se abordo en algunas conferencias, la importancia del dise&#xF1;o para el [&#x2026;]<\/p>\n","protected":false},"author":1,"featured_media":0,"comment_status":"open","ping_status":"open","sticky":false,"template":"","format":"standard","meta":{"_jetpack_newsletter_access":"","_jetpack_dont_email_post_to_subs":false,"_jetpack_newsletter_tier_id":0,"_jetpack_memberships_contains_paywalled_content":false,"_jetpack_feature_clip_id":0,"_jetpack_memberships_contains_paid_content":false,"footnotes":"","jetpack_post_was_ever_published":false},"categories":[13,41,42],"tags":[415,3820,3801,1689],"class_list":["post-241","post","type-post","status-publish","format-standard","hentry","category-arte-videojuegos","category-esne","category-eventos-esne","tag-como-se-fabrica-un-disenador","tag-daniel-parente","tag-esne","tag-raices"],"blocksy_meta":{"styles_descriptor":{"styles":{"desktop":"","tablet":"","mobile":""},"google_fonts":[],"version":7}},"jetpack-related-posts":[{"id":179,"url":"https:\/\/www.danielparente.net\/es\/raices-del-diseno-espanol\/","url_meta":{"origin":241,"position":0},"title":"Raices del dise\u00f1o Espa\u00f1ol","author":"danielparente","date":"16 June, 2011","format":false,"excerpt":"RA\u00cdCES es el Evento y Exposici\u00f3n de Fin de Curso de La Escuela ESNE donde los alumnos de la escuela de dise\u00f1o exponen sus trabajos de fin de carrera, el pr\u00f3ximo 30 de Junio a las\u00a0 19:00h\u00a0 en el Matadero de Madrid.. La Escuela Universitaria de Dise\u00f1o ESNE y Matadero\u2026","rel":"","context":"In &quot;ESNE&quot;","block_context":{"text":"ESNE","link":"https:\/\/www.danielparente.net\/es\/category\/esne\/"},"img":{"alt_text":"","src":"https:\/\/danielrparente.files.wordpress.com\/2011\/06\/logo_raices.jpg?w=350&h=200&crop=1","width":350,"height":200,"srcset":"https:\/\/danielrparente.files.wordpress.com\/2011\/06\/logo_raices.jpg?w=350&h=200&crop=1 1x, https:\/\/danielrparente.files.wordpress.com\/2011\/06\/logo_raices.jpg?w=525&h=300&crop=1 1.5x"},"classes":[]},{"id":302491,"url":"https:\/\/www.danielparente.net\/es\/rompiendo-el-molde-el-proceso-creativo-detras-del-diseno-de-videojuegos-independientes\/","url_meta":{"origin":241,"position":1},"title":"Rompiendo el molde: El proceso creativo detr\u00e1s del dise\u00f1o de videojuegos independientes","author":"danielparente","date":"3 November, 2023","format":false,"excerpt":"El dise\u00f1o de videojuegos independientes se refiere a la creaci\u00f3n de videojuegos por desarrolladores independientes o peque\u00f1os equipos, sin el respaldo financiero o apoyo de una gran editora de videojuegos. En los \u00faltimos a\u00f1os, el dise\u00f1o de juegos independientes ha experimentado un significativo aumento en popularidad y reconocimiento dentro de\u2026","rel":"","context":"In &quot;Dise\u00f1o de videojuegos&quot;","block_context":{"text":"Dise\u00f1o de videojuegos","link":"https:\/\/www.danielparente.net\/es\/category\/diseno-de-videojuegos\/"},"img":{"alt_text":"Proceso creativo detr\u00e1s del dise\u00f1o de videojuegos independientes","src":"https:\/\/i0.wp.com\/e928cfdc7rs.exactdn.com\/info\/uploads\/sites\/2\/2023\/11\/ES_Proceso-creativo-detras-del-diseno-de-videojuegos-independientes.jpg?resize=350%2C200&ssl=1","width":350,"height":200,"srcset":"https:\/\/i0.wp.com\/e928cfdc7rs.exactdn.com\/info\/uploads\/sites\/2\/2023\/11\/ES_Proceso-creativo-detras-del-diseno-de-videojuegos-independientes.jpg?resize=350%2C200&ssl=1 1x, https:\/\/i0.wp.com\/e928cfdc7rs.exactdn.com\/info\/uploads\/sites\/2\/2023\/11\/ES_Proceso-creativo-detras-del-diseno-de-videojuegos-independientes.jpg?resize=525%2C300&ssl=1 1.5x, https:\/\/i0.wp.com\/e928cfdc7rs.exactdn.com\/info\/uploads\/sites\/2\/2023\/11\/ES_Proceso-creativo-detras-del-diseno-de-videojuegos-independientes.jpg?resize=700%2C400&ssl=1 2x, https:\/\/i0.wp.com\/e928cfdc7rs.exactdn.com\/info\/uploads\/sites\/2\/2023\/11\/ES_Proceso-creativo-detras-del-diseno-de-videojuegos-independientes.jpg?resize=1050%2C600&ssl=1 3x"},"classes":[]},{"id":303531,"url":"https:\/\/www.danielparente.net\/es\/reacciones-del-jugador-datos-diseno-de-videojuegos\/","url_meta":{"origin":241,"position":2},"title":"Las Reacciones del Jugador Son Datos de Dise\u00f1o: La Habilidad que Todo Game Designer Necesita Desarrollar","author":"danielparente","date":"22 June, 2026","format":false,"excerpt":"Cuando un jugador dice \"esto no es justo\", no se est\u00e1 quejando. Est\u00e1 d\u00e1ndote los datos m\u00e1s valiosos que jam\u00e1s tendr\u00e1s sobre tu dise\u00f1o. Aprende a escucharlos.","rel":"","context":"In &quot;Dise\u00f1o de videojuegos&quot;","block_context":{"text":"Dise\u00f1o de videojuegos","link":"https:\/\/www.danielparente.net\/es\/category\/diseno-de-videojuegos\/"},"img":{"alt_text":"Un dise\u00f1ador de videojuegos observa la reacci\u00f3n de un jugador durante una sesi\u00f3n de playtesting en un taller de dise\u00f1o de juegos.","src":"https:\/\/i0.wp.com\/e928cfdc7rs.exactdn.com\/info\/uploads\/sites\/2\/2026\/06\/reacciones-del-jugador-datos-diseno-de-videojuegos-Imagen-destacada.jpg?resize=350%2C200&ssl=1","width":350,"height":200,"srcset":"https:\/\/i0.wp.com\/e928cfdc7rs.exactdn.com\/info\/uploads\/sites\/2\/2026\/06\/reacciones-del-jugador-datos-diseno-de-videojuegos-Imagen-destacada.jpg?resize=350%2C200&ssl=1 1x, https:\/\/i0.wp.com\/e928cfdc7rs.exactdn.com\/info\/uploads\/sites\/2\/2026\/06\/reacciones-del-jugador-datos-diseno-de-videojuegos-Imagen-destacada.jpg?resize=525%2C300&ssl=1 1.5x, https:\/\/i0.wp.com\/e928cfdc7rs.exactdn.com\/info\/uploads\/sites\/2\/2026\/06\/reacciones-del-jugador-datos-diseno-de-videojuegos-Imagen-destacada.jpg?resize=700%2C400&ssl=1 2x, https:\/\/i0.wp.com\/e928cfdc7rs.exactdn.com\/info\/uploads\/sites\/2\/2026\/06\/reacciones-del-jugador-datos-diseno-de-videojuegos-Imagen-destacada.jpg?resize=1050%2C600&ssl=1 3x, https:\/\/i0.wp.com\/e928cfdc7rs.exactdn.com\/info\/uploads\/sites\/2\/2026\/06\/reacciones-del-jugador-datos-diseno-de-videojuegos-Imagen-destacada.jpg?resize=1400%2C800&ssl=1 4x"},"classes":[]},{"id":3633,"url":"https:\/\/www.danielparente.net\/es\/100-videojuegos-en-desafioesne\/","url_meta":{"origin":241,"position":3},"title":"100 videojuegos en #desaf\u00edoesne","author":"danielparente","date":"12 January, 2013","format":false,"excerpt":"Con 25% del evento ya\u00a0descorrido\u00a0 no hay duda que la sensaci\u00f3n de optimismo para el futuro de la industria espa\u00f1ola de videojuegos es muy buena. Una grande generaci\u00f3n de profesionales se est\u00e1 preparando a fuego lento, con una capacidad para responder a las circunstancias y retos de una forma profesional\u2026","rel":"","context":"In &quot;Crear videojuegos&quot;","block_context":{"text":"Crear videojuegos","link":"https:\/\/www.danielparente.net\/es\/category\/crear-videojuegos\/"},"img":{"alt_text":"desafioesne","src":"https:\/\/danielrparente.files.wordpress.com\/2013\/01\/desafioesne.png?w=350&h=200&crop=1","width":350,"height":200,"srcset":"https:\/\/danielrparente.files.wordpress.com\/2013\/01\/desafioesne.png?w=350&h=200&crop=1 1x, https:\/\/danielrparente.files.wordpress.com\/2013\/01\/desafioesne.png?w=525&h=300&crop=1 1.5x"},"classes":[]},{"id":1346,"url":"https:\/\/www.danielparente.net\/es\/kinect-kandinsky-en-mad-express\/","url_meta":{"origin":241,"position":4},"title":"Kinect Kandinsky en Mad Express","author":"danielparente","date":"13 April, 2012","format":false,"excerpt":":) Los viejos rockeros nunca mueren, y lo misma pasa con Kinect Kandinsky, que un a\u00f1o despu\u00e9s de su creaci\u00f3n sigue alive and kicking por ah\u00ed, y que ma\u00f1ana ser\u00e1 objeto de una presentaci\u00f3n en el MADINSPAIN. Para los que no se acuerden :) \u00a0 http:\/\/web.esne.es\/2012\/esne-presenta-kinect-kandinsky-en-madinspain-2012\/ ESNE PRESENTA KINECT-KANDINSKY EN\u2026","rel":"","context":"In &quot;Emprendedor&quot;","block_context":{"text":"Emprendedor","link":"https:\/\/www.danielparente.net\/es\/category\/emprendedor\/"},"img":{"alt_text":"","src":"https:\/\/danielrparente.files.wordpress.com\/2012\/04\/kinect-kandinsky-325x190.jpg?w=350&h=200&crop=1","width":350,"height":200},"classes":[]},{"id":1382,"url":"https:\/\/www.danielparente.net\/es\/como-entrar-en-la-industria-del-videojuego\/","url_meta":{"origin":241,"position":5},"title":"Como entrar en la industria del videojuego?","author":"danielparente","date":"17 April, 2012","format":false,"excerpt":"\u00a0 \u00a0 \u00a0 \u00a0 \u00a0 \u00a0 \u00a0 \u00a0 \u00a0 \u00a0 \u00a0 \u00a0 \u00a0 \u00a0 \u00a0 \u00a0 \u00a0 \u00a0 \u00a0 \u00a0 \u00a0 \u00a0 \u00a0 \u00a0 Actualizacion: Dado el alto interes por este articulo y los articulos en ingles, voy a traducirlos al Espa\u00f1ol, para que todos puedan consultarlos ( que no\u2026","rel":"","context":"In &quot;Aprender Videojuegos&quot;","block_context":{"text":"Aprender Videojuegos","link":"https:\/\/www.danielparente.net\/es\/category\/aprender-videojuegos\/"},"img":{"alt_text":"","src":"https:\/\/danielrparente.files.wordpress.com\/2012\/04\/unclesam_iwantyou.jpg?w=350&h=200&crop=1","width":350,"height":200},"classes":[]}],"jetpack_shortlink":"https:\/\/wp.me\/p2TqUj-3T","jetpack_sharing_enabled":true,"jetpack_featured_media_url":"","_links":{"self":[{"href":"https:\/\/www.danielparente.net\/es\/wp-json\/wp\/v2\/posts\/241","targetHints":{"allow":["GET"]}}],"collection":[{"href":"https:\/\/www.danielparente.net\/es\/wp-json\/wp\/v2\/posts"}],"about":[{"href":"https:\/\/www.danielparente.net\/es\/wp-json\/wp\/v2\/types\/post"}],"author":[{"embeddable":true,"href":"https:\/\/www.danielparente.net\/es\/wp-json\/wp\/v2\/users\/1"}],"replies":[{"embeddable":true,"href":"https:\/\/www.danielparente.net\/es\/wp-json\/wp\/v2\/comments?post=241"}],"version-history":[{"count":0,"href":"https:\/\/www.danielparente.net\/es\/wp-json\/wp\/v2\/posts\/241\/revisions"}],"wp:attachment":[{"href":"https:\/\/www.danielparente.net\/es\/wp-json\/wp\/v2\/media?parent=241"}],"wp:term":[{"taxonomy":"category","embeddable":true,"href":"https:\/\/www.danielparente.net\/es\/wp-json\/wp\/v2\/categories?post=241"},{"taxonomy":"post_tag","embeddable":true,"href":"https:\/\/www.danielparente.net\/es\/wp-json\/wp\/v2\/tags?post=241"}],"curies":[{"name":"wp","href":"https:\/\/api.w.org\/{rel}","templated":true}]}}