{"id":2467,"date":"2012-07-27T15:14:37","date_gmt":"2012-07-27T14:14:37","guid":{"rendered":"http:\/\/danielrparente.wordpress.com\/?p=2467"},"modified":"2012-07-27T15:14:37","modified_gmt":"2012-07-27T14:14:37","slug":"viernes-de-cortos-2","status":"publish","type":"post","link":"https:\/\/www.danielparente.net\/es\/viernes-de-cortos-2\/","title":{"rendered":"Viernes de cortos"},"content":{"rendered":"<p>:) Viernes.<br>\nAlgunos de los cortos interesantes que he visto:<\/p>\n<span class=\"embed-youtube\" style=\"text-align:center; display: block;\"><iframe class=\"youtube-player\" width=\"1290\" height=\"726\" src=\"https:\/\/www.youtube.com\/embed\/7FTko7M8FRo?version=3&amp;rel=1&amp;showsearch=0&amp;showinfo=1&amp;iv_load_policy=1&amp;fs=1&amp;hl=en-US&amp;autohide=2&amp;wmode=transparent\" allowfullscreen=\"true\" style=\"border:0;\" sandbox=\"allow-scripts allow-same-origin allow-popups allow-presentation allow-popups-to-escape-sandbox\"><\/iframe><\/span>\n<p>Realizado por Diogo Viegas<\/p><div id=\"danie-2158396695\" class=\"danie-content danie-entity-placement\"><script async src=\"\/\/pagead2.googlesyndication.com\/pagead\/js\/adsbygoogle.js?client=ca-pub-4906861079337018\" crossorigin=\"anonymous\"><\/script><ins class=\"adsbygoogle\" style=\"display:block; text-align:center;\" data-ad-client=\"ca-pub-4906861079337018\" data-ad-slot=\"8576260680\" data-ad-layout=\"in-article\" data-ad-format=\"fluid\"><\/ins>\n<script> \n(adsbygoogle = window.adsbygoogle || []).push({}); \n<\/script>\n<\/div>\n<p>Em um reino distante<br>\nUm rei t&#xE3;o brilhante<br>\nResolveu um castelo construir<\/p>\n<p>A floresta devastou<br>\nA procura de espa&#xE7;o<br>\nExpulsando quem vivia ali<br>\nDesviou o rio inteiro<br>\nS&#xF3; pra ter um chafariz<br>\nMas os peixes n&#xE3;o tinham para onde ir<\/p>\n<p>Acabou com a colina<br>\nPra fazer pedra-polida<br>\nMas poeira lan&#xE7;ou pra todo lado<br>\nAssim o regente ia<br>\nE n&#xE3;o se corrigia<br>\nSem reparar nenhum pobre coitado<\/p>\n<p>Concluindo satisfeito<br>\nSeu projeto t&#xE3;o perfeito<br>\nReparou no seu reino arruinado<br>\nO que ele n&#xE3;o sabia<br>\nEra o mal que ele fazia<br>\nO rei sentiu-se envergonhado<\/p>\n<p>Mas embora demorada<br>\nA reforma &#xE9; necess&#xE1;ria<br>\nN&#xE3;o podia deixar pra outra hora<br>\nE em quanto corrigia<br>\nO problema que afligia<br>\nNo castelo hospedou quem maltratara<\/p>\n<p>N&#xE3;o adianta ser esperto<br>\nSe voc&#xEA; n&#xE3;o age certo<br>\nConserte aquilo que estragou<\/p>\n<div class=\"embed-vimeo\" style=\"text-align: center;\"><iframe src=\"https:\/\/player.vimeo.com\/video\/44655380\" width=\"1290\" height=\"726\" frameborder=\"0\" webkitallowfullscreen mozallowfullscreen allowfullscreen><\/iframe><\/div>\n<p>Un film de \/ A film by:<br>\nMicha&#xEB;l Balthazart \/ Cl&#xE9;ment Granjon \/ Quentin Sauvinet et Rapha&#xEB;l Gaudin.<\/p>\n<div class=\"embed-vimeo\" style=\"text-align: center;\"><iframe src=\"https:\/\/player.vimeo.com\/video\/44185686\" width=\"1290\" height=\"726\" frameborder=\"0\" webkitallowfullscreen mozallowfullscreen allowfullscreen><\/iframe><\/div>\n<p>Suck a Blood<\/p>\n<p>y su makingoff<\/p>\n<div class=\"embed-vimeo\" style=\"text-align: center;\"><iframe src=\"https:\/\/player.vimeo.com\/video\/46298273\" width=\"1290\" height=\"726\" frameborder=\"0\" webkitallowfullscreen mozallowfullscreen allowfullscreen><\/iframe><\/div>\n<div class=\"embed-vimeo\" style=\"text-align: center;\"><iframe src=\"https:\/\/player.vimeo.com\/video\/46123821\" width=\"1290\" height=\"726\" frameborder=\"0\" webkitallowfullscreen mozallowfullscreen allowfullscreen><\/iframe><\/div>\n<p>Cloudy<\/p>\n<div class=\"embed-vimeo\" style=\"text-align: center;\"><iframe src=\"https:\/\/player.vimeo.com\/video\/45558546\" width=\"1290\" height=\"726\" frameborder=\"0\" webkitallowfullscreen mozallowfullscreen allowfullscreen><\/iframe><\/div>\n<p>EL Nakam<\/p>\n<p>animation &amp; story: yonatan popper.<br>\nOriginal theme music by Monti Fiori<\/p>\n<div class=\"embed-vimeo\" style=\"text-align: center;\"><iframe src=\"https:\/\/player.vimeo.com\/video\/45626599\" width=\"1290\" height=\"726\" frameborder=\"0\" webkitallowfullscreen mozallowfullscreen allowfullscreen><\/iframe><\/div>\n<p>Robocoq<\/p>\n<p>Film d&#x2019;animation 3D &#x2013; &#xC9;cole Sup&#xE9;rieure des M&#xE9;tiers de l&#x2019;Image &#x2013; ESMI &#x2013; Bordeaux<\/p>\n<p>&#xA0;<\/p>\n<div class=\"embed-vimeo\" style=\"text-align: center;\"><iframe src=\"https:\/\/player.vimeo.com\/video\/40805886\" width=\"1290\" height=\"726\" frameborder=\"0\" webkitallowfullscreen mozallowfullscreen allowfullscreen><\/iframe><\/div>\n<p>The Escape<\/p>\n<p>(c) Enspire Studio, all rights reserved.<\/p>\n","protected":false},"excerpt":{"rendered":"<p>:) Viernes. Algunos de los cortos interesantes que he visto: Realizado por Diogo Viegas Em um reino distante Um rei t&#xE3;o brilhante Resolveu um castelo construir A floresta devastou A procura de espa&#xE7;o Expulsando quem vivia ali Desviou o rio inteiro S&#xF3; pra ter um chafariz Mas os peixes n&#xE3;o tinham para onde ir Acabou [&#x2026;]<\/p>\n","protected":false},"author":1,"featured_media":0,"comment_status":"open","ping_status":"open","sticky":false,"template":"","format":"standard","meta":{"_jetpack_newsletter_access":"","_jetpack_dont_email_post_to_subs":false,"_jetpack_newsletter_tier_id":0,"_jetpack_memberships_contains_paywalled_content":false,"_jetpack_feature_clip_id":0,"_jetpack_memberships_contains_paid_content":false,"footnotes":"","jetpack_post_was_ever_published":false},"categories":[6,7,21],"tags":[175,493,2103],"class_list":["post-2467","post","type-post","status-publish","format-standard","hentry","category-animacion-2","category-animacion-y-cine-digital","category-cortos-de-cine","tag-animacion","tag-cortos-de-cine-2","tag-viernes-de-cortos"],"blocksy_meta":{"styles_descriptor":{"styles":{"desktop":"","tablet":"","mobile":""},"google_fonts":[],"version":7}},"jetpack-related-posts":[{"id":1420,"url":"https:\/\/www.danielparente.net\/es\/io-festival-de-cortos-en-esne-feelmotion\/","url_meta":{"origin":2467,"position":0},"title":"I\u00ba Festival de Cortos en ESNE : Feelmotion","author":"danielparente","date":"18 April, 2012","format":false,"excerpt":"Dentro del nuevo grado de cine de animaci\u00f3n que lanzamos este a\u00f1o, generamos un nuevo festival de cortos, que tiene este viernes 20 de Abril, su primera edici\u00f3n. Os dejo con la nota de prensa, y con la recomendaci\u00f3n de a todos los que les guste los cortos, que acudan\u2026","rel":"","context":"In &quot;Animaci\u00f3n&quot;","block_context":{"text":"Animaci\u00f3n","link":"https:\/\/www.danielparente.net\/es\/category\/animacion-2\/"},"img":{"alt_text":"","src":"https:\/\/danielrparente.files.wordpress.com\/2012\/04\/feelmotion_esne.jpg?w=350&h=200&crop=1","width":350,"height":200,"srcset":"https:\/\/danielrparente.files.wordpress.com\/2012\/04\/feelmotion_esne.jpg?w=350&h=200&crop=1 1x, https:\/\/danielrparente.files.wordpress.com\/2012\/04\/feelmotion_esne.jpg?w=525&h=300&crop=1 1.5x"},"classes":[]},{"id":1076,"url":"https:\/\/www.danielparente.net\/es\/viernes-de-animacion\/","url_meta":{"origin":2467,"position":1},"title":"Viernes de animaci\u00f3n","author":"danielparente","date":"16 March, 2012","format":false,"excerpt":"de nuevo viernes,\u00a0 y de nuevo algunos cortos que me han llamado la atenci\u00f3n. Vistoo en arteyanimacion.es \u00a0 Visto en youtube. Una publicidad a un banco polaco \u00a0 \u00a0 \u00a0","rel":"","context":"In &quot;Animaci\u00f3n y Cine Digital&quot;","block_context":{"text":"Animaci\u00f3n y Cine Digital","link":"https:\/\/www.danielparente.net\/es\/category\/animacion-y-cine-digital\/"},"img":{"alt_text":"","src":"","width":0,"height":0},"classes":[]},{"id":3861,"url":"https:\/\/www.danielparente.net\/es\/un-corto-de-animacion-fascinante-when-i-grow-up\/","url_meta":{"origin":2467,"position":2},"title":"un corto de animaci\u00f3n fascinante: When I grow up","author":"danielparente","date":"5 February, 2013","format":false,"excerpt":"Lo que mas me gusta del cine de animaci\u00f3n, es la capacidad para sacarnos una sonrisa, una lagrima o ser capaz de llevarnos a sentir emociones que nos sacan fuera de nuestro gris habitual y nos sumergen por un rato en una fantasia colorida. En el caso del corto siguiente\u2026","rel":"","context":"In &quot;Animaci\u00f3n&quot;","block_context":{"text":"Animaci\u00f3n","link":"https:\/\/www.danielparente.net\/es\/category\/animacion-2\/"},"img":{"alt_text":"When I Grow Up","src":"https:\/\/danielrparente.files.wordpress.com\/2013\/02\/whenigrowup-theacademy-645x250.jpeg?w=350&h=200&crop=1","width":350,"height":200,"srcset":"https:\/\/danielrparente.files.wordpress.com\/2013\/02\/whenigrowup-theacademy-645x250.jpeg?w=350&h=200&crop=1 1x, https:\/\/danielrparente.files.wordpress.com\/2013\/02\/whenigrowup-theacademy-645x250.jpeg?w=525&h=300&crop=1 1.5x"},"classes":[]},{"id":1081,"url":"https:\/\/www.danielparente.net\/es\/i-festival-de-cortos-en-esne\/","url_meta":{"origin":2467,"position":3},"title":"I festival de cortos en ESNE","author":"danielparente","date":"19 March, 2012","format":false,"excerpt":"Como muchos sabr\u00e1n, estamos creando en el ESNE un grado oficial en cine de animaci\u00f3n, y a pesar de que no tenemos todav\u00eda alumnos en el grado, los que tenemos actualmente en los grados de dise\u00f1o multim\u00e9dia y gr\u00e1fico, y videojuegos, tienen mas que capacidad y conocimiento para atraverse con\u2026","rel":"","context":"In &quot;Animaci\u00f3n y Cine Digital&quot;","block_context":{"text":"Animaci\u00f3n y Cine Digital","link":"https:\/\/www.danielparente.net\/es\/category\/animacion-y-cine-digital\/"},"img":{"alt_text":"","src":"https:\/\/i0.wp.com\/img.youtube.com\/vi\/UULWYhilr3PfR0cinlcEvcQw\/0.jpg?resize=350%2C200","width":350,"height":200},"classes":[]},{"id":1150,"url":"https:\/\/www.danielparente.net\/es\/sabado-de-cortos\/","url_meta":{"origin":2467,"position":4},"title":"Sabado de cortos","author":"danielparente","date":"31 March, 2012","format":false,"excerpt":"Como ayer no me dio tiempo hacer una recompilaci\u00f3n de los cortos mas interesantes que he visto durante la semana, no hay nada mejor que hacerlo un s\u00e1bado. arteyanimacion.es Vimeo.com youtube.com theanimationblog.com lineboil.com","rel":"","context":"In &quot;Animacion&quot;","block_context":{"text":"Animacion","link":"https:\/\/www.danielparente.net\/es\/category\/animacion-3\/"},"img":{"alt_text":"","src":"","width":0,"height":0},"classes":[]},{"id":1791,"url":"https:\/\/www.danielparente.net\/es\/algunos-cortos-de-cortar-la-respiracion\/","url_meta":{"origin":2467,"position":5},"title":"Algunos cortos de cortar la respiraci\u00f3n","author":"danielparente","date":"18 May, 2012","format":false,"excerpt":"No hay duda que la tecnolog\u00eda est\u00e1 avanzando a pasos agigantados, y que esta evoluci\u00f3n nos permite disponer de unas capacidades t\u00e9cnicas sin precedentes para dar rienda suelta a nuestra creatividad. Los cortos de la actualidad, tienen una calidad tal, que en ciertos momentos es necesario concentrarse mucho para no\u2026","rel":"","context":"In &quot;Animacion&quot;","block_context":{"text":"Animacion","link":"https:\/\/www.danielparente.net\/es\/category\/animacion-3\/"},"img":{"alt_text":"","src":"https:\/\/i0.wp.com\/img.youtube.com\/vi\/pJIxA2RbW2A\/0.jpg?resize=350%2C200","width":350,"height":200},"classes":[]}],"jetpack_shortlink":"https:\/\/wp.me\/p2TqUj-DN","jetpack_sharing_enabled":true,"jetpack_featured_media_url":"","_links":{"self":[{"href":"https:\/\/www.danielparente.net\/es\/wp-json\/wp\/v2\/posts\/2467","targetHints":{"allow":["GET"]}}],"collection":[{"href":"https:\/\/www.danielparente.net\/es\/wp-json\/wp\/v2\/posts"}],"about":[{"href":"https:\/\/www.danielparente.net\/es\/wp-json\/wp\/v2\/types\/post"}],"author":[{"embeddable":true,"href":"https:\/\/www.danielparente.net\/es\/wp-json\/wp\/v2\/users\/1"}],"replies":[{"embeddable":true,"href":"https:\/\/www.danielparente.net\/es\/wp-json\/wp\/v2\/comments?post=2467"}],"version-history":[{"count":0,"href":"https:\/\/www.danielparente.net\/es\/wp-json\/wp\/v2\/posts\/2467\/revisions"}],"wp:attachment":[{"href":"https:\/\/www.danielparente.net\/es\/wp-json\/wp\/v2\/media?parent=2467"}],"wp:term":[{"taxonomy":"category","embeddable":true,"href":"https:\/\/www.danielparente.net\/es\/wp-json\/wp\/v2\/categories?post=2467"},{"taxonomy":"post_tag","embeddable":true,"href":"https:\/\/www.danielparente.net\/es\/wp-json\/wp\/v2\/tags?post=2467"}],"curies":[{"name":"wp","href":"https:\/\/api.w.org\/{rel}","templated":true}]}}