{"id":2968,"date":"2012-10-17T22:21:17","date_gmt":"2012-10-17T21:21:17","guid":{"rendered":"http:\/\/danielrparente.wordpress.com\/?p=2968"},"modified":"2012-10-17T22:21:17","modified_gmt":"2012-10-17T21:21:17","slug":"pufffff-agotado","status":"publish","type":"post","link":"https:\/\/www.danielparente.net\/es\/pufffff-agotado\/","title":{"rendered":"Pufffff &#8230; agotado"},"content":{"rendered":"<p><a href=\"http:\/\/danielrparente.files.wordpress.com\/2012\/10\/sleep-garfield.jpg\" target=\"_blank\" rel=\"noopener\"><img fetchpriority=\"high\" decoding=\"async\" class=\"alignleft size-full wp-image-2972\" title=\"sleep-garfield\" alt=\"\" src=\"http:\/\/danielrparente.files.wordpress.com\/2012\/10\/sleep-garfield.jpg\" height=\"483\" width=\"645\"\/><\/a><\/p>\n<p>Los que se hayan fijado, ver&#xE1;n que hace algunos d&#xED;as que no pongo realmente ning&#xFA;n post de importancia en el blog, y es que acabo de cerrar una nueva iteraci&#xF3;n del proceso de acreditaci&#xF3;n del grado de Cine de Animaci&#xF3;n que estamos creando en <a href=\"http:\/\/www.esne.es\" target=\"_blank\" rel=\"noopener\">ESNE<\/a>, y en cada iteraci&#xF3;n el programa mejora, y no hay duda que se est&#xE1; postulando como un programa de cine de animaci&#xF3;n de referencia , como pocos a nivel mundial, con un alcance para formar la pr&#xF3;xima generaci&#xF3;n de grandes profesionales de este medio, de la misma forma que lo estamos intentando hacer en el grado de videojuegos.<\/p>\n<p>La formaci&#xF3;n en estas &#xE1;reas es cada vez mas importante y relevante en un escenario cada vez mas global y competitivo, donde hay que ser talentoso, creativo, eficiente, cumplidor, estar al d&#xED;a y tener una capacidad para desarrollarse de forma continua.<\/p><div id=\"danie-1283658162\" class=\"danie-content danie-entity-placement\"><script async src=\"\/\/pagead2.googlesyndication.com\/pagead\/js\/adsbygoogle.js?client=ca-pub-4906861079337018\" crossorigin=\"anonymous\"><\/script><ins class=\"adsbygoogle\" style=\"display:block; text-align:center;\" data-ad-client=\"ca-pub-4906861079337018\" data-ad-slot=\"8576260680\" data-ad-layout=\"in-article\" data-ad-format=\"fluid\"><\/ins>\n<script> \n(adsbygoogle = window.adsbygoogle || []).push({}); \n<\/script>\n<\/div>\n<p>Ahora a por la tesis &#x2026;<\/p>\n","protected":false},"excerpt":{"rendered":"<p>Los que se hayan fijado, ver&#xE1;n que hace algunos d&#xED;as que no pongo realmente ning&#xFA;n post de importancia en el blog, y es que acabo de cerrar una nueva iteraci&#xF3;n del proceso de acreditaci&#xF3;n del grado de Cine de Animaci&#xF3;n que estamos creando en ESNE, y en cada iteraci&#xF3;n el programa mejora, y no hay [&#x2026;]<\/p>\n","protected":false},"author":1,"featured_media":0,"comment_status":"open","ping_status":"open","sticky":false,"template":"","format":"standard","meta":{"_jetpack_newsletter_access":"","_jetpack_dont_email_post_to_subs":false,"_jetpack_newsletter_tier_id":0,"_jetpack_memberships_contains_paywalled_content":false,"_jetpack_feature_clip_id":0,"_jetpack_memberships_contains_paid_content":false,"footnotes":"","jetpack_post_was_ever_published":false},"categories":[6,7,41],"tags":[],"class_list":["post-2968","post","type-post","status-publish","format-standard","hentry","category-animacion-2","category-animacion-y-cine-digital","category-esne"],"blocksy_meta":{"styles_descriptor":{"styles":{"desktop":"","tablet":"","mobile":""},"google_fonts":[],"version":7}},"jetpack-related-posts":[{"id":4634,"url":"https:\/\/www.danielparente.net\/es\/jornadas-sobre-cine-de-animacion-en-esne\/","url_meta":{"origin":2968,"position":0},"title":"Jornadas sobre cine de animaci\u00f3n en ESNE","author":"danielparente","date":"30 May, 2013","format":false,"excerpt":"\u00a0 Dentro del grande evento anual que organiza ESNE para ense\u00f1ar \u00a0de forma abierta a todos los interesados lo que hacemos en los diversos grados existentes ESNE, organizamos ma\u00f1ana dentro del otro grado del que soy responsable, Cine de Animaci\u00f3n, unas jornadas muy interesantes sobre el cine de animaci\u00f3n en\u2026","rel":"","context":"In &quot;Animacion&quot;","block_context":{"text":"Animacion","link":"https:\/\/www.danielparente.net\/es\/category\/animacion-3\/"},"img":{"alt_text":"","src":"https:\/\/i0.wp.com\/e928cfdc7rs.exactdn.com\/info\/uploads\/sites\/2\/2013\/05\/animation_galloping_horse.jpg?resize=350%2C200&ssl=1","width":350,"height":200,"srcset":"https:\/\/i0.wp.com\/e928cfdc7rs.exactdn.com\/info\/uploads\/sites\/2\/2013\/05\/animation_galloping_horse.jpg?resize=350%2C200&ssl=1 1x, https:\/\/i0.wp.com\/e928cfdc7rs.exactdn.com\/info\/uploads\/sites\/2\/2013\/05\/animation_galloping_horse.jpg?resize=525%2C300&ssl=1 1.5x"},"classes":[]},{"id":1081,"url":"https:\/\/www.danielparente.net\/es\/i-festival-de-cortos-en-esne\/","url_meta":{"origin":2968,"position":1},"title":"I festival de cortos en ESNE","author":"danielparente","date":"19 March, 2012","format":false,"excerpt":"Como muchos sabr\u00e1n, estamos creando en el ESNE un grado oficial en cine de animaci\u00f3n, y a pesar de que no tenemos todav\u00eda alumnos en el grado, los que tenemos actualmente en los grados de dise\u00f1o multim\u00e9dia y gr\u00e1fico, y videojuegos, tienen mas que capacidad y conocimiento para atraverse con\u2026","rel":"","context":"In &quot;Animaci\u00f3n y Cine Digital&quot;","block_context":{"text":"Animaci\u00f3n y Cine Digital","link":"https:\/\/www.danielparente.net\/es\/category\/animacion-y-cine-digital\/"},"img":{"alt_text":"","src":"https:\/\/i0.wp.com\/img.youtube.com\/vi\/UULWYhilr3PfR0cinlcEvcQw\/0.jpg?resize=350%2C200","width":350,"height":200},"classes":[]},{"id":1420,"url":"https:\/\/www.danielparente.net\/es\/io-festival-de-cortos-en-esne-feelmotion\/","url_meta":{"origin":2968,"position":2},"title":"I\u00ba Festival de Cortos en ESNE : Feelmotion","author":"danielparente","date":"18 April, 2012","format":false,"excerpt":"Dentro del nuevo grado de cine de animaci\u00f3n que lanzamos este a\u00f1o, generamos un nuevo festival de cortos, que tiene este viernes 20 de Abril, su primera edici\u00f3n. Os dejo con la nota de prensa, y con la recomendaci\u00f3n de a todos los que les guste los cortos, que acudan\u2026","rel":"","context":"In &quot;Animaci\u00f3n&quot;","block_context":{"text":"Animaci\u00f3n","link":"https:\/\/www.danielparente.net\/es\/category\/animacion-2\/"},"img":{"alt_text":"","src":"https:\/\/danielrparente.files.wordpress.com\/2012\/04\/feelmotion_esne.jpg?w=350&h=200&crop=1","width":350,"height":200,"srcset":"https:\/\/danielrparente.files.wordpress.com\/2012\/04\/feelmotion_esne.jpg?w=350&h=200&crop=1 1x, https:\/\/danielrparente.files.wordpress.com\/2012\/04\/feelmotion_esne.jpg?w=525&h=300&crop=1 1.5x"},"classes":[]},{"id":917,"url":"https:\/\/www.danielparente.net\/es\/animacion-y-cine-digital\/","url_meta":{"origin":2968,"position":3},"title":"Animaci\u00f3n y Cine digital","author":"danielparente","date":"14 February, 2012","format":false,"excerpt":"Ya es oficial, \u00a0acabamos de lanzar el primer grado oficial (plan Bolo\u00f1a) de animaci\u00f3n y cine digital, un programa muy ambicioso \u00a0que tiene por finalidad, contribuir a mejorar, la de si ya elevada calidad de nuestro sector de la animaci\u00f3n y del cine ( en su vertiente digital). El plan\u2026","rel":"","context":"In &quot;Animaci\u00f3n y Cine Digital&quot;","block_context":{"text":"Animaci\u00f3n y Cine Digital","link":"https:\/\/www.danielparente.net\/es\/category\/animacion-y-cine-digital\/"},"img":{"alt_text":"","src":"","width":0,"height":0},"classes":[]},{"id":3696,"url":"https:\/\/www.danielparente.net\/es\/libro-blanco-de-la-animacion-en-espana-2012\/","url_meta":{"origin":2968,"position":4},"title":"Libro Blanco de la animaci\u00f3n en Espa\u00f1a 2012","author":"danielparente","date":"18 January, 2013","format":false,"excerpt":"A pesar de que ya se venia hablando del documento desde hace unos meses, hoy se present\u00f3 oficialmente en la Cineteca del Matadero, el libro blanco de la animaci\u00f3n en Espa\u00f1a 2012, un grande documento que procura reflejar la realidad de una industria que, como la de los videojuegos, sufre\u2026","rel":"","context":"In &quot;Animaci\u00f3n&quot;","block_context":{"text":"Animaci\u00f3n","link":"https:\/\/www.danielparente.net\/es\/category\/animacion-2\/"},"img":{"alt_text":"Libro Blanco de la Animaci\u00f3n en Espa\u00f1a 2012","src":"https:\/\/danielrparente.files.wordpress.com\/2013\/01\/libro-blanco-animacion-2012-diboos.jpg?w=350&h=200&crop=1","width":350,"height":200,"srcset":"https:\/\/danielrparente.files.wordpress.com\/2013\/01\/libro-blanco-animacion-2012-diboos.jpg?w=350&h=200&crop=1 1x, https:\/\/danielrparente.files.wordpress.com\/2013\/01\/libro-blanco-animacion-2012-diboos.jpg?w=525&h=300&crop=1 1.5x"},"classes":[]},{"id":1482,"url":"https:\/\/www.danielparente.net\/es\/jornadas-de-arte-y-diseno-manuel-sirgo-12-pinguinos\/","url_meta":{"origin":2968,"position":5},"title":"Jornadas de Arte y Dise\u00f1o: Manuel Sirgo, 12-pinguinos","author":"danielparente","date":"26 April, 2012","format":false,"excerpt":"Tenemos la suerte de tener Manuel Sirgo, de 12 Pinguinos, para hablar sobre el pasado, presente y futuro de la animacion, desde una optica tradicional y digital. A pesar que el 3D esta de moda, el 2D tradicional sigue active y con mucho futuro. No tiene porque desaparecer y pueden\u2026","rel":"","context":"In &quot;Animaci\u00f3n&quot;","block_context":{"text":"Animaci\u00f3n","link":"https:\/\/www.danielparente.net\/es\/category\/animacion-2\/"},"img":{"alt_text":"","src":"","width":0,"height":0},"classes":[]}],"jetpack_shortlink":"https:\/\/wp.me\/p2TqUj-LS","jetpack_sharing_enabled":true,"jetpack_featured_media_url":"","_links":{"self":[{"href":"https:\/\/www.danielparente.net\/es\/wp-json\/wp\/v2\/posts\/2968","targetHints":{"allow":["GET"]}}],"collection":[{"href":"https:\/\/www.danielparente.net\/es\/wp-json\/wp\/v2\/posts"}],"about":[{"href":"https:\/\/www.danielparente.net\/es\/wp-json\/wp\/v2\/types\/post"}],"author":[{"embeddable":true,"href":"https:\/\/www.danielparente.net\/es\/wp-json\/wp\/v2\/users\/1"}],"replies":[{"embeddable":true,"href":"https:\/\/www.danielparente.net\/es\/wp-json\/wp\/v2\/comments?post=2968"}],"version-history":[{"count":0,"href":"https:\/\/www.danielparente.net\/es\/wp-json\/wp\/v2\/posts\/2968\/revisions"}],"wp:attachment":[{"href":"https:\/\/www.danielparente.net\/es\/wp-json\/wp\/v2\/media?parent=2968"}],"wp:term":[{"taxonomy":"category","embeddable":true,"href":"https:\/\/www.danielparente.net\/es\/wp-json\/wp\/v2\/categories?post=2968"},{"taxonomy":"post_tag","embeddable":true,"href":"https:\/\/www.danielparente.net\/es\/wp-json\/wp\/v2\/tags?post=2968"}],"curies":[{"name":"wp","href":"https:\/\/api.w.org\/{rel}","templated":true}]}}