{"id":416,"date":"2011-10-06T19:47:39","date_gmt":"2011-10-06T18:47:39","guid":{"rendered":"http:\/\/danielrparente.wordpress.com\/?p=416"},"modified":"2011-10-06T19:47:39","modified_gmt":"2011-10-06T18:47:39","slug":"pop-art","status":"publish","type":"post","link":"https:\/\/www.danielparente.net\/es\/pop-art\/","title":{"rendered":"Pop Art"},"content":{"rendered":"<p>Que tienen en com&#xFA;n esta imagen:<\/p>\n<p><a href=\"http:\/\/danielrparente.files.wordpress.com\/2011\/10\/felipao_5_grande.jpg\" target=\"_blank\" rel=\"noopener\"><img fetchpriority=\"high\" decoding=\"async\" class=\"aligncenter size-full wp-image-417\" title=\"felipao_5_grande\" src=\"http:\/\/danielrparente.files.wordpress.com\/2011\/10\/felipao_5_grande.jpg\" alt=\"\" width=\"645\" height=\"433\" srcset=\"https:\/\/e928cfdc7rs.exactdn.com\/info\/uploads\/sites\/2\/2011\/10\/felipao_5_grande.jpg?strip=all 700w, https:\/\/e928cfdc7rs.exactdn.com\/info\/uploads\/sites\/2\/2011\/10\/felipao_5_grande-300x201.jpg?strip=all 300w, https:\/\/e928cfdc7rs.exactdn.com\/info\/uploads\/sites\/2\/2011\/10\/felipao_5_grande.jpg?strip=all&amp;w=70 70w, https:\/\/e928cfdc7rs.exactdn.com\/info\/uploads\/sites\/2\/2011\/10\/felipao_5_grande.jpg?strip=all&amp;w=140 140w, https:\/\/e928cfdc7rs.exactdn.com\/info\/uploads\/sites\/2\/2011\/10\/felipao_5_grande.jpg?strip=all&amp;w=210 210w, https:\/\/e928cfdc7rs.exactdn.com\/info\/uploads\/sites\/2\/2011\/10\/felipao_5_grande.jpg?strip=all&amp;w=350 350w, https:\/\/e928cfdc7rs.exactdn.com\/info\/uploads\/sites\/2\/2011\/10\/felipao_5_grande.jpg?strip=all&amp;w=420 420w, https:\/\/e928cfdc7rs.exactdn.com\/info\/uploads\/sites\/2\/2011\/10\/felipao_5_grande.jpg?strip=all&amp;w=489 489w, https:\/\/e928cfdc7rs.exactdn.com\/info\/uploads\/sites\/2\/2011\/10\/felipao_5_grande.jpg?strip=all&amp;w=560 560w, https:\/\/e928cfdc7rs.exactdn.com\/info\/uploads\/sites\/2\/2011\/10\/felipao_5_grande.jpg?strip=all&amp;w=630 630w\" sizes=\"(max-width: 645px) 100vw, 645px\"\/><\/a>con el ESNE&#xA0; y Kinect Kandinsky?<\/p><div id=\"danie-1088563769\" class=\"danie-content danie-entity-placement\"><script async src=\"\/\/pagead2.googlesyndication.com\/pagead\/js\/adsbygoogle.js?client=ca-pub-4906861079337018\" crossorigin=\"anonymous\"><\/script><ins class=\"adsbygoogle\" style=\"display:block; text-align:center;\" data-ad-client=\"ca-pub-4906861079337018\" data-ad-slot=\"8576260680\" data-ad-layout=\"in-article\" data-ad-format=\"fluid\"><\/ins>\n<script> \n(adsbygoogle = window.adsbygoogle || []).push({}); \n<\/script>\n<\/div>\n<p>Pues que los dos son dos formas de arte alternativa, y que estar&#xE1; en la exposici&#xF3;n del primero. Para los que no lo conocen, el perro pertenece a la obra del artista madrile&#xF1;o Felipao y de su colecci&#xF3;n Poppi Art, que hoy tiene una exposici&#xF3;n en los pr&#xF3;ximos meses en los Rozas Village de Las rozas y&#xA0; La Roca Village en Barcelona.<\/p>\n<p>Hoy es la presentaci&#xF3;n de la iniciativa, en la fundaci&#xF3;n Pons, y estar&#xE1; el Kinect Kandinsky para dar el toque arte digital.<\/p>\n","protected":false},"excerpt":{"rendered":"<p>Que tienen en com&#xFA;n esta imagen: con el ESNE&#xA0; y Kinect Kandinsky? Pues que los dos son dos formas de arte alternativa, y que estar&#xE1; en la exposici&#xF3;n del primero. Para los que no lo conocen, el perro pertenece a la obra del artista madrile&#xF1;o Felipao y de su colecci&#xF3;n Poppi Art, que hoy tiene [&#x2026;]<\/p>\n","protected":false},"author":1,"featured_media":0,"comment_status":"open","ping_status":"open","sticky":false,"template":"","format":"standard","meta":{"_jetpack_newsletter_access":"","_jetpack_dont_email_post_to_subs":false,"_jetpack_newsletter_tier_id":0,"_jetpack_memberships_contains_paywalled_content":false,"_jetpack_feature_clip_id":0,"_jetpack_memberships_contains_paid_content":false,"footnotes":"","jetpack_post_was_ever_published":false},"categories":[29],"tags":[3801,892,1279,1297,1309,1596],"class_list":["post-416","post","type-post","status-publish","format-standard","hentry","category-desarrollo-de-videojuegos-2","tag-esne","tag-felipao","tag-kinect-kandinsky","tag-la-roca-village","tag-las-rozas-village","tag-poppi-art"],"blocksy_meta":{"styles_descriptor":{"styles":{"desktop":"","tablet":"","mobile":""},"google_fonts":[],"version":7}},"jetpack-related-posts":[{"id":347,"url":"https:\/\/www.danielparente.net\/es\/kinect-kandinsky-en-el-hoplay-de-bilbao\/","url_meta":{"origin":416,"position":0},"title":"Kinect Kandinsky en el HOPLAY DE BILBAO","author":"danielparente","date":"9 September, 2011","format":false,"excerpt":"Desde es esta semana, el kinect kandinsky, una aplicacion que mezcla videojuego, arte y musica, est\u00e1 expuesto en el HOPLAY de Bilbao, despu\u00e9s de una invitaci\u00f3n de Microsoft que participara. El proximo dia 14 de Septiembre, estar\u00e9 en el HOPLAY juntamente con uno de los alumnos que ha desarrollado la\u2026","rel":"","context":"In &quot;Arte videojuegos&quot;","block_context":{"text":"Arte videojuegos","link":"https:\/\/www.danielparente.net\/es\/category\/arte-videojuegos\/"},"img":{"alt_text":"","src":"https:\/\/i0.wp.com\/img.youtube.com\/vi\/a3boU-g4uSM\/0.jpg?resize=350%2C200","width":350,"height":200},"classes":[]},{"id":1346,"url":"https:\/\/www.danielparente.net\/es\/kinect-kandinsky-en-mad-express\/","url_meta":{"origin":416,"position":1},"title":"Kinect Kandinsky en Mad Express","author":"danielparente","date":"13 April, 2012","format":false,"excerpt":":) Los viejos rockeros nunca mueren, y lo misma pasa con Kinect Kandinsky, que un a\u00f1o despu\u00e9s de su creaci\u00f3n sigue alive and kicking por ah\u00ed, y que ma\u00f1ana ser\u00e1 objeto de una presentaci\u00f3n en el MADINSPAIN. Para los que no se acuerden :) \u00a0 http:\/\/web.esne.es\/2012\/esne-presenta-kinect-kandinsky-en-madinspain-2012\/ ESNE PRESENTA KINECT-KANDINSKY EN\u2026","rel":"","context":"In &quot;Emprendedor&quot;","block_context":{"text":"Emprendedor","link":"https:\/\/www.danielparente.net\/es\/category\/emprendedor\/"},"img":{"alt_text":"","src":"https:\/\/danielrparente.files.wordpress.com\/2012\/04\/kinect-kandinsky-325x190.jpg?w=350&h=200&crop=1","width":350,"height":200},"classes":[]},{"id":46,"url":"https:\/\/www.danielparente.net\/es\/kandinsky-kinectizado\/","url_meta":{"origin":416,"position":2},"title":"Kandinsky Kinectizado","author":"danielparente","date":"1 April, 2011","format":false,"excerpt":"Ayer tube lugar en el Caixaforum de Madrid, la presentaci\u00f3n de un proyecto muy interesante con Kinect, en que los alumnos del ESNE mezclan interpretaci\u00f3n de arte, y tecnologia, a trav\u00e9s de Kinect, al ritmo de pistas musicales bien seleccionadas.","rel":"","context":"In &quot;I+D+i&quot;","block_context":{"text":"I+D+i","link":"https:\/\/www.danielparente.net\/es\/category\/idi\/"},"img":{"alt_text":"","src":"https:\/\/i0.wp.com\/img.youtube.com\/vi\/POaZqsbciqs\/0.jpg?resize=350%2C200","width":350,"height":200},"classes":[]},{"id":3298,"url":"https:\/\/www.danielparente.net\/es\/kinect-vestidor-en-microsoft-techdays-kinect-effect\/","url_meta":{"origin":416,"position":3},"title":"Kinect vestidor en Microsoft Techdays \/Kinect Effect","author":"danielparente","date":"25 November, 2012","format":false,"excerpt":"Para los que me leen desde hace\u00a0alg\u00fan\u00a0tiempo saben que llevo bastante tiempo creyendo en el valor a\u00f1adido que el Kinect de Microsoft puede representar para el futuro de la\u00a0interacci\u00f3n\u00a0entre usuario y\u00a0tecnolog\u00eda\u00a0 que no confundir con videojuegos, donde creo que el verdadero valor de Kinect no se est\u00e1 utilizando\u00a0todav\u00eda. Dentro de\u2026","rel":"","context":"In &quot;Kinect&quot;","block_context":{"text":"Kinect","link":"https:\/\/www.danielparente.net\/es\/category\/kinect\/"},"img":{"alt_text":"","src":"https:\/\/danielrparente.files.wordpress.com\/2012\/11\/future-kinect21.jpg?w=350&h=200&crop=1","width":350,"height":200,"srcset":"https:\/\/danielrparente.files.wordpress.com\/2012\/11\/future-kinect21.jpg?w=350&h=200&crop=1 1x, https:\/\/danielrparente.files.wordpress.com\/2012\/11\/future-kinect21.jpg?w=525&h=300&crop=1 1.5x"},"classes":[]},{"id":528,"url":"https:\/\/www.danielparente.net\/es\/jornadas-para-desarrolladores-de-kinect-en-microsoft\/","url_meta":{"origin":416,"position":4},"title":"Jornadas para desarrolladores de Kinect en Microsoft","author":"danielparente","date":"23 November, 2011","format":false,"excerpt":"Ma\u00f1ana me toca asistir y hablar en unas jornadas organizadas por Microsoft para desarrolladores de Kinect. Mi\u00a0participaci\u00f3n\u00a0va enmarcada dentro del desarrollo de la aplicaci\u00f3n de Kinect y Arte (kinect Kandinsky) asi como el kinect para la realizaci\u00f3n de vestidores virtuales, y el kinect como herramienta de estimulaci\u00f3n cognitiva y accesibilidad.\u2026","rel":"","context":"In &quot;Tecnologia&quot;","block_context":{"text":"Tecnologia","link":"https:\/\/www.danielparente.net\/es\/category\/tecnologia\/"},"img":{"alt_text":"","src":"https:\/\/danielrparente.files.wordpress.com\/2011\/11\/xbox_conference.png?w=350&h=200&crop=1","width":350,"height":200,"srcset":"https:\/\/danielrparente.files.wordpress.com\/2011\/11\/xbox_conference.png?w=350&h=200&crop=1 1x, https:\/\/danielrparente.files.wordpress.com\/2011\/11\/xbox_conference.png?w=525&h=300&crop=1 1.5x"},"classes":[]},{"id":179,"url":"https:\/\/www.danielparente.net\/es\/raices-del-diseno-espanol\/","url_meta":{"origin":416,"position":5},"title":"Raices del dise\u00f1o Espa\u00f1ol","author":"danielparente","date":"16 June, 2011","format":false,"excerpt":"RA\u00cdCES es el Evento y Exposici\u00f3n de Fin de Curso de La Escuela ESNE donde los alumnos de la escuela de dise\u00f1o exponen sus trabajos de fin de carrera, el pr\u00f3ximo 30 de Junio a las\u00a0 19:00h\u00a0 en el Matadero de Madrid.. La Escuela Universitaria de Dise\u00f1o ESNE y Matadero\u2026","rel":"","context":"In &quot;ESNE&quot;","block_context":{"text":"ESNE","link":"https:\/\/www.danielparente.net\/es\/category\/esne\/"},"img":{"alt_text":"","src":"https:\/\/danielrparente.files.wordpress.com\/2011\/06\/logo_raices.jpg?w=350&h=200&crop=1","width":350,"height":200,"srcset":"https:\/\/danielrparente.files.wordpress.com\/2011\/06\/logo_raices.jpg?w=350&h=200&crop=1 1x, https:\/\/danielrparente.files.wordpress.com\/2011\/06\/logo_raices.jpg?w=525&h=300&crop=1 1.5x"},"classes":[]}],"jetpack_shortlink":"https:\/\/wp.me\/p2TqUj-6I","jetpack_sharing_enabled":true,"jetpack_featured_media_url":"","_links":{"self":[{"href":"https:\/\/www.danielparente.net\/es\/wp-json\/wp\/v2\/posts\/416","targetHints":{"allow":["GET"]}}],"collection":[{"href":"https:\/\/www.danielparente.net\/es\/wp-json\/wp\/v2\/posts"}],"about":[{"href":"https:\/\/www.danielparente.net\/es\/wp-json\/wp\/v2\/types\/post"}],"author":[{"embeddable":true,"href":"https:\/\/www.danielparente.net\/es\/wp-json\/wp\/v2\/users\/1"}],"replies":[{"embeddable":true,"href":"https:\/\/www.danielparente.net\/es\/wp-json\/wp\/v2\/comments?post=416"}],"version-history":[{"count":0,"href":"https:\/\/www.danielparente.net\/es\/wp-json\/wp\/v2\/posts\/416\/revisions"}],"wp:attachment":[{"href":"https:\/\/www.danielparente.net\/es\/wp-json\/wp\/v2\/media?parent=416"}],"wp:term":[{"taxonomy":"category","embeddable":true,"href":"https:\/\/www.danielparente.net\/es\/wp-json\/wp\/v2\/categories?post=416"},{"taxonomy":"post_tag","embeddable":true,"href":"https:\/\/www.danielparente.net\/es\/wp-json\/wp\/v2\/tags?post=416"}],"curies":[{"name":"wp","href":"https:\/\/api.w.org\/{rel}","templated":true}]}}