{"id":4611,"date":"2013-05-25T07:45:43","date_gmt":"2013-05-25T07:45:43","guid":{"rendered":"http:\/\/www.danielparente.net\/es\/?p=4611"},"modified":"2013-05-25T07:45:43","modified_gmt":"2013-05-25T07:45:43","slug":"primer-simposio-internacional-de-cloud-computing-y-computacion-ubicua","status":"publish","type":"post","link":"https:\/\/www.danielparente.net\/es\/primer-simposio-internacional-de-cloud-computing-y-computacion-ubicua\/","title":{"rendered":"Primer simposio Internacional de cloud computing y computaci\u00f3n Ubicua"},"content":{"rendered":"<p><a href=\"https:\/\/e928cfdc7rs.exactdn.com\/es\/wp-content\/uploads\/sites\/2\/2013\/05\/relax_cloudcomputing.jpg?strip=all&#038;w=2560\"><img fetchpriority=\"high\" decoding=\"async\" class=\"alignnone size-full wp-image-4615\" alt=\"relax_cloudcomputing\" src=\"https:\/\/e928cfdc7rs.exactdn.com\/es\/wp-content\/uploads\/sites\/2\/2013\/05\/relax_cloudcomputing.jpg?strip=all\" width=\"645\" height=\"449\" title=\"\" srcset=\"https:\/\/e928cfdc7rs.exactdn.com\/info\/uploads\/sites\/2\/2013\/05\/relax_cloudcomputing.jpg?strip=all 645w, https:\/\/e928cfdc7rs.exactdn.com\/info\/uploads\/sites\/2\/2013\/05\/relax_cloudcomputing-300x208.jpg?strip=all 300w, https:\/\/e928cfdc7rs.exactdn.com\/info\/uploads\/sites\/2\/2013\/05\/relax_cloudcomputing.jpg?strip=all&amp;w=64 64w, https:\/\/e928cfdc7rs.exactdn.com\/info\/uploads\/sites\/2\/2013\/05\/relax_cloudcomputing.jpg?strip=all&amp;w=129 129w, https:\/\/e928cfdc7rs.exactdn.com\/info\/uploads\/sites\/2\/2013\/05\/relax_cloudcomputing.jpg?strip=all&amp;w=193 193w, https:\/\/e928cfdc7rs.exactdn.com\/info\/uploads\/sites\/2\/2013\/05\/relax_cloudcomputing.jpg?strip=all&amp;w=387 387w, https:\/\/e928cfdc7rs.exactdn.com\/info\/uploads\/sites\/2\/2013\/05\/relax_cloudcomputing.jpg?strip=all&amp;w=451 451w, https:\/\/e928cfdc7rs.exactdn.com\/info\/uploads\/sites\/2\/2013\/05\/relax_cloudcomputing.jpg?strip=all&amp;w=516 516w, https:\/\/e928cfdc7rs.exactdn.com\/info\/uploads\/sites\/2\/2013\/05\/relax_cloudcomputing.jpg?strip=all&amp;w=580 580w\" sizes=\"(max-width: 645px) 100vw, 645px\"\/><\/a><\/p>\n<p>El nuevo grado en Ingenieria en Cloud Computing y Computaci&#xF3;n ubicua empieza a moverse de forma dinamica y con mucha fuerza, dado el alto valor a&#xF1;adido que puede representar para la economia espa&#xF1;ola y europea en los proximos a&#xF1;os. Dentro de las actividades de evangelizaci&#xF3;n del mismo, el pr&#xF3;ximo Lunes 27 de Mayo, en ESNE, organizamos el primer simposio internacional sobre cloud computing y computaci&#xF3;n ubicua.<\/p>\n<p>El simposio tiene por objetivo principal abrir un debate publico-privado-educativo para enfrentarse de una forma coordinada a los retos que la pujancia con que est&#xE1;n creciendo estas nuevas tecnologias y la grande oportunidad que representan para el futuro de Europa, se prepare de la mejor forma posible, para de esta forma mantener el ventaje competitivo que tiene en estos momentos Europa sobre otras regiones del globo.<\/p><div id=\"danie-208046039\" class=\"danie-content danie-entity-placement\"><script async src=\"\/\/pagead2.googlesyndication.com\/pagead\/js\/adsbygoogle.js?client=ca-pub-4906861079337018\" crossorigin=\"anonymous\"><\/script><ins class=\"adsbygoogle\" style=\"display:block; text-align:center;\" data-ad-client=\"ca-pub-4906861079337018\" data-ad-slot=\"8576260680\" data-ad-layout=\"in-article\" data-ad-format=\"fluid\"><\/ins>\n<script> \n(adsbygoogle = window.adsbygoogle || []).push({}); \n<\/script>\n<\/div>\n<p>Contamos con algunas de entidades publicas y de las empresas lideres en el sector, para conseguir dar la visi&#xF3;n completa sobre una tematica apasionante y critico para el futuro economico espa&#xF1;ol y europeo.<\/p>\n<p>&#xA0;<\/p>\n<h3>INVITACI&#xD3;N y PROGRAMA: RETOS EN LA FORMACI&#xD3;N DE CLOUD COMPUTING<\/h3>\n<p>ESNE, con el patrocinio de la Fundaci&#xF3;n Espa&#xF1;a Digital y Telef&#xF3;nica I+D, con la colaboraci&#xF3;n de IBM, ORACLE, ARSYS, MICROSOFT y ONTSI (Observatorio Nacional de Telecomunicaciones y SI), va a celebrar un encuentro con expertos y profesionales con motivo de la presentaci&#xF3;n de la carrera universitaria de Cloud Computing y Computaci&#xF3;n Ubicua. Este Encuentro responde a la idea de hacer visible el inter&#xE9;s de las empresas de tecnolog&#xED;a, la industria, las instituciones y los expertos en tecnolog&#xED;a digital por los estudios universitarios en los nuevos paradigmas de la transformaci&#xF3;n inform&#xE1;tica y la virtualidad que esta tendr&#xE1; en el desarrollo econ&#xF3;mico espa&#xF1;ol y europeo.<\/p>\n<p>ORGANIZADOR: ESNE &#x2013; La Universidad del Dise&#xF1;o y la Innovaci&#xF3;n<br>\nFECHA LUNES 27 MAYO 2013<br>\nHORA: 10.00 hrs. -13.00 hrs<br>\nLUGAR: Avenida Alfonso XIII, N&#xBA; 97, 28016, Madrid<\/p>\n<p>Programa:<\/p>\n<p>9:30 &#x2013; 10:00 &#x2013; Registro de participantes.<\/p>\n<p>10:00 &#x2013; 10:45 &#x2013; Espa&#xF1;a motor de la Agenda Digital en Europa.<\/p>\n<p>Fundaci&#xF3;n Espa&#xF1;a Digital: D. Mart&#xED;n P&#xE9;rez. Presidente.<br>\nParlamento Europeo: D&#xF1;a. Pilar del Castillo. Eurodiputada. Grupo Popular,&#xA0;Presidenta de la <a href=\"http:\/\/www.eifonline.org\/\" target=\"_blank\" rel=\"noopener\">Fundaci&#xF3;n&#xA0;Europea&#xA0;de Internet (European Internet Foundation)<\/a><br>\nESNE. Universidad del Dise&#xF1;o e Innovaci&#xF3;n: D. Rafael D&#xED;az. Ph.D. Director Ejecutivo.<br>\nCarnegie Mellon University<br>\nObservatorio Nacional de las Telecomunicaciones y de la Sociedad de la Informaci&#xF3;n (ONTSI) del Ministerio de Industria, Energ&#xED;a y Turismo. D. Pedro Martin Jurado. Director<\/p>\n<p>10.45 -11-15 : &#x201C;El cloud, palanca del cambio tecnol&#xF3;gico: oportunidades y barreras&#x201D;<br>\nARSYS: Faustino Jim&#xE9;nez Carracedo CEO<br>\n11:15 &#x2013; 11:30 &#x2013; Coffee Break<\/p>\n<p>11:30 &ndash; 12:00 &ndash; Nuevos retos: InHouseLAB ESNE &amp; Firefox OS (Telefonica I+D).<\/p>\n<p>Telef&#xF3;nica I+D:&#xA0;TELEFONICA ID: La Web Movil: La apuesta de Telef&#xF3;nica en FireFox Os. por Miguel Schneider Fontan, Director de Producto y Desarrollo de Open Web Device en Telefonica Digital.<br>\n12:00 &#x2013; 13:00 &#x2013; Modelo Smart Computing y el Cloud Computing en solo 3 preguntas<br>\nIBM: Elisa Martin Garijo, directora de tecnolog&#xED;a y innovaci&#xF3;n<br>\nMicrosoft: H&#xE9;ctor Montenegro. CTO. Microsoft Ib&#xE9;rica.<br>\nOracle: D. Victor Mojarrieta. Communications, Media &amp; Utilities Business Developer Manager.<br>\nESNE: Daniel Parente, director grado Cloud Computing y Computaci&#xF3;n Ubicua<\/p>\n<p>&#xA0;<\/p>\n<p>&#xA0;<\/p>\n<p>Debido al aforo limitado, necesito que me confirmes tu asistencia en el correo: lmanuel.tolmos@esne.es (director de RRII) con el asunto: RETOS EN LA FORMACI&#xD3;N DE CLOUD COMPUTING, para poderte reservar los asientos, indic&#xE1;ndome cu&#xE1;ntas personas te acompa&#xF1;ar&#xE1;n, cumplimentando estos campos.:<\/p>\n<p>Nombre:<br>\nApellido:<br>\nCargo:<br>\nEmpresa:<\/p>\n<p>&#xA0;<\/p>\n<p>&#xA0;<\/p>\n","protected":false},"excerpt":{"rendered":"<p>El nuevo grado en Ingenieria en Cloud Computing y Computaci&#xF3;n ubicua empieza a moverse de forma dinamica y con mucha fuerza, dado el alto valor a&#xF1;adido que puede representar para la economia espa&#xF1;ola y europea en los proximos a&#xF1;os. Dentro de las actividades de evangelizaci&#xF3;n del mismo, el pr&#xF3;ximo Lunes 27 de Mayo, en ESNE, [&#x2026;]<\/p>\n","protected":false},"author":1,"featured_media":4615,"comment_status":"open","ping_status":"open","sticky":false,"template":"","format":"standard","meta":{"_jetpack_newsletter_access":"","_jetpack_dont_email_post_to_subs":false,"_jetpack_newsletter_tier_id":0,"_jetpack_memberships_contains_paywalled_content":false,"_jetpack_feature_clip_id":0,"_jetpack_memberships_contains_paid_content":false,"footnotes":"","jetpack_post_was_ever_published":false},"categories":[2841,2842,42],"tags":[3176,367,3169,440,3171,3167,3177,3178,3174,3172,3175,3170,3168,3173],"class_list":["post-4611","post","type-post","status-publish","format-standard","has-post-thumbnail","hentry","category-cloud-computing-2","category-computacion-ubicua-2","category-eventos-esne","tag-carnegie-mellon","tag-cloud-computing","tag-cloud-computing-para-la-competitividad-global","tag-computacion-ubicua","tag-espana-digital","tag-firefox-os","tag-grado-universitrario-ingenieria-cloud-computing-y-computacion-ubicua","tag-ibm","tag-onsti","tag-oracle","tag-pedro-jurado","tag-pilar-del-castillo","tag-retos-de-la-formacion","tag-telefonica-id"],"blocksy_meta":{"styles_descriptor":{"styles":{"desktop":"","tablet":"","mobile":""},"google_fonts":[],"version":7}},"jetpack-related-posts":[{"id":3969,"url":"https:\/\/www.danielparente.net\/es\/ingenieria-de-cloud-computing-y-computacion-ubicua\/","url_meta":{"origin":4611,"position":0},"title":"Ingenieria de cloud computing y computaci\u00f3n ubicua","author":"danielparente","date":"13 February, 2013","format":false,"excerpt":"Finalmente despu\u00e9s de muchos meses de trabajo y de investigaci\u00f3n, se anuncio de forma oficial un nuevo grado de\u00a0ingenier\u00eda\u00a0 en he estado metido hasta al\u00a0tu\u00e9tano\u00a0 para crear una formaci\u00f3n\u00a0tecnol\u00f3gica\u00a0en linea con las necesidades del mercado de la\u00a0tecnolog\u00eda\u00a0 y por una vez no irnos a la cola del resto del mundo,\u2026","rel":"","context":"In &quot;Cloud Computing&quot;","block_context":{"text":"Cloud Computing","link":"https:\/\/www.danielparente.net\/es\/category\/cloud-computing-2\/"},"img":{"alt_text":"","src":"https:\/\/i0.wp.com\/e928cfdc7rs.exactdn.com\/info\/uploads\/sites\/2\/2013\/02\/Could-cloud-computing.jpg?resize=350%2C200&ssl=1","width":350,"height":200},"classes":[]},{"id":4639,"url":"https:\/\/www.danielparente.net\/es\/cloud-computing-en-cinco-dias\/","url_meta":{"origin":4611,"position":1},"title":"Cloud Computing en Cinco Dias","author":"danielparente","date":"30 May, 2013","format":false,"excerpt":"Dentro del lanzamiento del nuevo grado de Ingenieria en Cloud Computing y Computaci\u00f3n Ubicua, organizamos el pasado dia 27 mayo, un evento internacional de Cloud Computing y Computaci\u00f3n ubicua, enfocado como un foro intersectorial para debatir sobre la tecnolog\u00eda y su importancia sobre muchos factores de nuestra competitividad como pais.\u2026","rel":"","context":"In &quot;Cloud Computing&quot;","block_context":{"text":"Cloud Computing","link":"https:\/\/www.danielparente.net\/es\/category\/cloud-computing-2\/"},"img":{"alt_text":"","src":"https:\/\/i0.wp.com\/e928cfdc7rs.exactdn.com\/info\/uploads\/sites\/2\/2013\/05\/5dias.jpg?resize=350%2C200&ssl=1","width":350,"height":200,"srcset":"https:\/\/i0.wp.com\/e928cfdc7rs.exactdn.com\/info\/uploads\/sites\/2\/2013\/05\/5dias.jpg?resize=350%2C200&ssl=1 1x, https:\/\/i0.wp.com\/e928cfdc7rs.exactdn.com\/info\/uploads\/sites\/2\/2013\/05\/5dias.jpg?resize=525%2C300&ssl=1 1.5x"},"classes":[]},{"id":5314,"url":"https:\/\/www.danielparente.net\/es\/la-computacion-ubicua\/","url_meta":{"origin":4611,"position":2},"title":"La computaci\u00f3n ubicua","author":"danielparente","date":"15 November, 2013","format":false,"excerpt":"En una de mis facetas poco conocidas, y que se podr\u00eda asemejar a mi lado Mr Hyde, soy tecnologo\u00a0 ... Gran parte de mi vida laboral ha estado enfocada a definir el futuro tecnol\u00f3gico de grande compa\u00f1\u00edas, tanto para empresas como para consultoras, y es dentro de este enfoque que\u2026","rel":"","context":"In &quot;Cloud Computing&quot;","block_context":{"text":"Cloud Computing","link":"https:\/\/www.danielparente.net\/es\/category\/cloud-computing-2\/"},"img":{"alt_text":"mrhyde","src":"https:\/\/i0.wp.com\/www.danielparente.net\/info\/uploads\/sites\/2\/2013\/11\/mrhyde.jpg?resize=350%2C200","width":350,"height":200,"srcset":"https:\/\/i0.wp.com\/www.danielparente.net\/info\/uploads\/sites\/2\/2013\/11\/mrhyde.jpg?resize=350%2C200 1x, https:\/\/i0.wp.com\/www.danielparente.net\/info\/uploads\/sites\/2\/2013\/11\/mrhyde.jpg?resize=525%2C300 1.5x"},"classes":[]},{"id":5843,"url":"https:\/\/www.danielparente.net\/es\/computacion-ubicua\/","url_meta":{"origin":4611,"position":3},"title":"Computaci\u00f3n Ubicua","author":"danielparente","date":"1 April, 2014","format":false,"excerpt":"\u00a0 Hoy me ha tocado explicar un poco la tem\u00e1tica de la computaci\u00f3n ubicua, y de lo que representa, sobre todo cuando asociada al Cloud Computing, y la verdad que es al rev\u00e9s de lo que mucha gente piensa, la computaci\u00f3n ubicua no es algo de ahora, del Siglo XXI,\u2026","rel":"","context":"In &quot;Cloud Computing&quot;","block_context":{"text":"Cloud Computing","link":"https:\/\/www.danielparente.net\/es\/category\/cloud-computing-2\/"},"img":{"alt_text":"","src":"https:\/\/i0.wp.com\/e928cfdc7rs.exactdn.com\/info\/uploads\/sites\/2\/2014\/04\/ubicomp.jpg?resize=350%2C200&ssl=1","width":350,"height":200,"srcset":"https:\/\/i0.wp.com\/e928cfdc7rs.exactdn.com\/info\/uploads\/sites\/2\/2014\/04\/ubicomp.jpg?resize=350%2C200&ssl=1 1x, https:\/\/i0.wp.com\/e928cfdc7rs.exactdn.com\/info\/uploads\/sites\/2\/2014\/04\/ubicomp.jpg?resize=525%2C300&ssl=1 1.5x"},"classes":[]},{"id":4439,"url":"https:\/\/www.danielparente.net\/es\/un-ejemplo-interesante-de-computacion-ubicua\/","url_meta":{"origin":4611,"position":4},"title":"Un ejemplo interesante de computaci\u00f3n ubicua","author":"danielparente","date":"6 May, 2013","format":false,"excerpt":"No hay duda que la computaci\u00f3n ubicua nos traer\u00e1 aplicaciones bastante innovadoras y curiosas a medida que se vaya difundiendo en su interconexi\u00f3n con el cloud computing, y\u00a0 cada vez mas es posible encontrar ejemplos muy estimulantes de uso de esta tecnolog\u00eda disruptiva. Contenidos:Un ejemplo interesante de computaci\u00f3n ubicua Introducci\u00f3n\u2026","rel":"","context":"In &quot;Computaci\u00f3n Ubicua&quot;","block_context":{"text":"Computaci\u00f3n Ubicua","link":"https:\/\/www.danielparente.net\/es\/category\/computacion-ubicua-2\/"},"img":{"alt_text":"","src":"https:\/\/i0.wp.com\/e928cfdc7rs.exactdn.com\/info\/uploads\/sites\/2\/2013\/05\/budweiser_buddycup.png?resize=350%2C200&ssl=1","width":350,"height":200,"srcset":"https:\/\/i0.wp.com\/e928cfdc7rs.exactdn.com\/info\/uploads\/sites\/2\/2013\/05\/budweiser_buddycup.png?resize=350%2C200&ssl=1 1x, https:\/\/i0.wp.com\/e928cfdc7rs.exactdn.com\/info\/uploads\/sites\/2\/2013\/05\/budweiser_buddycup.png?resize=525%2C300&ssl=1 1.5x"},"classes":[]},{"id":5800,"url":"https:\/\/www.danielparente.net\/es\/la-adolescencia-del-wearable-computing\/","url_meta":{"origin":4611,"position":5},"title":"La adolescencia del wearable computing","author":"danielparente","date":"18 March, 2014","format":false,"excerpt":"Estamos avanzando a pasos agigantados en direcci\u00f3n a la computaci\u00f3n ubicua ( si como la que est\u00e1 definida en el grado de ingenier\u00eda de cloud computing y computaci\u00f3n ubicua), y como tal, la experiencia de uso, as\u00ed como las capacidades de los equipos dise\u00f1ado con este objetivo son cada vez\u2026","rel":"","context":"In &quot;Desarrollo de videojuegos&quot;","block_context":{"text":"Desarrollo de videojuegos","link":"https:\/\/www.danielparente.net\/es\/category\/desarrollo-de-videojuegos-2\/"},"img":{"alt_text":"","src":"https:\/\/i0.wp.com\/e928cfdc7rs.exactdn.com\/info\/uploads\/sites\/2\/2014\/03\/android-wear-watch-640x360.jpg?resize=350%2C200&ssl=1","width":350,"height":200,"srcset":"https:\/\/i0.wp.com\/e928cfdc7rs.exactdn.com\/info\/uploads\/sites\/2\/2014\/03\/android-wear-watch-640x360.jpg?resize=350%2C200&ssl=1 1x, https:\/\/i0.wp.com\/e928cfdc7rs.exactdn.com\/info\/uploads\/sites\/2\/2014\/03\/android-wear-watch-640x360.jpg?resize=525%2C300&ssl=1 1.5x"},"classes":[]}],"jetpack_shortlink":"https:\/\/wp.me\/p2TqUj-1cn","jetpack_sharing_enabled":true,"jetpack_featured_media_url":"https:\/\/e928cfdc7rs.exactdn.com\/info\/uploads\/sites\/2\/2013\/05\/relax_cloudcomputing.jpg?strip=all","_links":{"self":[{"href":"https:\/\/www.danielparente.net\/es\/wp-json\/wp\/v2\/posts\/4611","targetHints":{"allow":["GET"]}}],"collection":[{"href":"https:\/\/www.danielparente.net\/es\/wp-json\/wp\/v2\/posts"}],"about":[{"href":"https:\/\/www.danielparente.net\/es\/wp-json\/wp\/v2\/types\/post"}],"author":[{"embeddable":true,"href":"https:\/\/www.danielparente.net\/es\/wp-json\/wp\/v2\/users\/1"}],"replies":[{"embeddable":true,"href":"https:\/\/www.danielparente.net\/es\/wp-json\/wp\/v2\/comments?post=4611"}],"version-history":[{"count":0,"href":"https:\/\/www.danielparente.net\/es\/wp-json\/wp\/v2\/posts\/4611\/revisions"}],"wp:featuredmedia":[{"embeddable":true,"href":"https:\/\/www.danielparente.net\/es\/wp-json\/wp\/v2\/media\/4615"}],"wp:attachment":[{"href":"https:\/\/www.danielparente.net\/es\/wp-json\/wp\/v2\/media?parent=4611"}],"wp:term":[{"taxonomy":"category","embeddable":true,"href":"https:\/\/www.danielparente.net\/es\/wp-json\/wp\/v2\/categories?post=4611"},{"taxonomy":"post_tag","embeddable":true,"href":"https:\/\/www.danielparente.net\/es\/wp-json\/wp\/v2\/tags?post=4611"}],"curies":[{"name":"wp","href":"https:\/\/api.w.org\/{rel}","templated":true}]}}