{"id":917,"date":"2012-02-14T22:48:08","date_gmt":"2012-02-14T21:48:08","guid":{"rendered":"http:\/\/danielrparente.wordpress.com\/?p=917"},"modified":"2012-02-14T22:48:08","modified_gmt":"2012-02-14T21:48:08","slug":"animacion-y-cine-digital","status":"publish","type":"post","link":"https:\/\/www.danielparente.net\/es\/animacion-y-cine-digital\/","title":{"rendered":"Animaci\u00f3n y Cine digital"},"content":{"rendered":"<p>Ya es oficial, &#xA0;acabamos de lanzar el primer grado oficial (plan Bolo&#xF1;a) de animaci&#xF3;n y cine digital, un programa muy ambicioso &#xA0;que tiene por finalidad, contribuir a mejorar, la de si ya elevada calidad de nuestro sector de la animaci&#xF3;n y del cine ( en su vertiente digital).<\/p>\n<p>El plan de estudios se creado despu&#xE9;s de haber analizado en profundidad mucha de la oferta&#xA0;extranjera&#xA0;de mayor prestigio, y de una validaci&#xF3;n de lo que seria lo importante incluir del punto de vista de contenidos, para garantizar que los estudiantes se transformen a lo largo de los 4 a&#xF1;os del grado, en profesionales de primero&#xA0;nivel, capaces de ayudar a impulsar la industria de cine y de animaci&#xF3;n al&#xA0;nivel&#xA0;mas alto de prestigio internacional, donde ya ha empezado a brillar.<\/p><div id=\"danie-2078513059\" class=\"danie-content danie-entity-placement\"><script async src=\"\/\/pagead2.googlesyndication.com\/pagead\/js\/adsbygoogle.js?client=ca-pub-4906861079337018\" crossorigin=\"anonymous\"><\/script><ins class=\"adsbygoogle\" style=\"display:block; text-align:center;\" data-ad-client=\"ca-pub-4906861079337018\" data-ad-slot=\"8576260680\" data-ad-layout=\"in-article\" data-ad-format=\"fluid\"><\/ins>\n<script> \n(adsbygoogle = window.adsbygoogle || []).push({}); \n<\/script>\n<\/div>\n<p>El programa oficial del mismo ser&#xE1; comunicado durante el&#xA0;pr&#xF3;xima&#xA0;AULA que empieza la semana que viene en Madrid.<\/p>\n<p><a href=\"http:\/\/ecoaula.eleconomista.es\/universidades\/noticias\/3742833\/02\/12\/ESNE-ofrece-la-primera-carrera-oficial-de-Diseno-y-produccion-de-animacion-y-cine-digital.html\" target=\"_blank\" rel=\"noopener\">http:\/\/ecoaula.eleconomista.es\/universidades\/noticias\/3742833\/02\/12\/ESNE-ofrece-la-primera-carrera-oficial-de-Diseno-y-produccion-de-animacion-y-cine-digital.html<\/a><\/p>\n","protected":false},"excerpt":{"rendered":"<p>Ya es oficial, &#xA0;acabamos de lanzar el primer grado oficial (plan Bolo&#xF1;a) de animaci&#xF3;n y cine digital, un programa muy ambicioso &#xA0;que tiene por finalidad, contribuir a mejorar, la de si ya elevada calidad de nuestro sector de la animaci&#xF3;n y del cine ( en su vertiente digital). El plan de estudios se creado despu&#xE9;s [&#x2026;]<\/p>\n","protected":false},"author":1,"featured_media":0,"comment_status":"open","ping_status":"open","sticky":false,"template":"","format":"standard","meta":{"_jetpack_newsletter_access":"","_jetpack_dont_email_post_to_subs":false,"_jetpack_newsletter_tier_id":0,"_jetpack_memberships_contains_paywalled_content":false,"_jetpack_feature_clip_id":0,"_jetpack_memberships_contains_paid_content":false,"footnotes":"","jetpack_post_was_ever_published":false},"categories":[7],"tags":[175,362,1066],"class_list":["post-917","post","type-post","status-publish","format-standard","hentry","category-animacion-y-cine-digital","tag-animacion","tag-cine-digital","tag-grado-oficial-de-animacion-y-cine-digital"],"blocksy_meta":{"styles_descriptor":{"styles":{"desktop":"","tablet":"","mobile":""},"google_fonts":[],"version":7}},"jetpack-related-posts":[{"id":4634,"url":"https:\/\/www.danielparente.net\/es\/jornadas-sobre-cine-de-animacion-en-esne\/","url_meta":{"origin":917,"position":0},"title":"Jornadas sobre cine de animaci\u00f3n en ESNE","author":"danielparente","date":"30 May, 2013","format":false,"excerpt":"\u00a0 Dentro del grande evento anual que organiza ESNE para ense\u00f1ar \u00a0de forma abierta a todos los interesados lo que hacemos en los diversos grados existentes ESNE, organizamos ma\u00f1ana dentro del otro grado del que soy responsable, Cine de Animaci\u00f3n, unas jornadas muy interesantes sobre el cine de animaci\u00f3n en\u2026","rel":"","context":"In &quot;Animaci\u00f3n&quot;","block_context":{"text":"Animaci\u00f3n","link":"https:\/\/www.danielparente.net\/es\/category\/animacion-2\/"},"img":{"alt_text":"","src":"https:\/\/i0.wp.com\/e928cfdc7rs.exactdn.com\/info\/uploads\/sites\/2\/2013\/05\/animation_galloping_horse.jpg?resize=350%2C200&ssl=1","width":350,"height":200,"srcset":"https:\/\/i0.wp.com\/e928cfdc7rs.exactdn.com\/info\/uploads\/sites\/2\/2013\/05\/animation_galloping_horse.jpg?resize=350%2C200&ssl=1 1x, https:\/\/i0.wp.com\/e928cfdc7rs.exactdn.com\/info\/uploads\/sites\/2\/2013\/05\/animation_galloping_horse.jpg?resize=525%2C300&ssl=1 1.5x"},"classes":[]},{"id":1081,"url":"https:\/\/www.danielparente.net\/es\/i-festival-de-cortos-en-esne\/","url_meta":{"origin":917,"position":1},"title":"I festival de cortos en ESNE","author":"danielparente","date":"19 March, 2012","format":false,"excerpt":"Como muchos sabr\u00e1n, estamos creando en el ESNE un grado oficial en cine de animaci\u00f3n, y a pesar de que no tenemos todav\u00eda alumnos en el grado, los que tenemos actualmente en los grados de dise\u00f1o multim\u00e9dia y gr\u00e1fico, y videojuegos, tienen mas que capacidad y conocimiento para atraverse con\u2026","rel":"","context":"In &quot;Animaci\u00f3n y Cine Digital&quot;","block_context":{"text":"Animaci\u00f3n y Cine Digital","link":"https:\/\/www.danielparente.net\/es\/category\/animacion-y-cine-digital\/"},"img":{"alt_text":"","src":"https:\/\/i0.wp.com\/img.youtube.com\/vi\/UULWYhilr3PfR0cinlcEvcQw\/0.jpg?resize=350%2C200","width":350,"height":200},"classes":[]},{"id":2968,"url":"https:\/\/www.danielparente.net\/es\/pufffff-agotado\/","url_meta":{"origin":917,"position":2},"title":"Pufffff &#8230; agotado","author":"danielparente","date":"17 October, 2012","format":false,"excerpt":"Los que se hayan fijado, ver\u00e1n que hace algunos d\u00edas que no pongo realmente ning\u00fan post de importancia en el blog, y es que acabo de cerrar una nueva iteraci\u00f3n del proceso de acreditaci\u00f3n del grado de Cine de Animaci\u00f3n que estamos creando en ESNE, y en cada iteraci\u00f3n el\u2026","rel":"","context":"In &quot;Animaci\u00f3n&quot;","block_context":{"text":"Animaci\u00f3n","link":"https:\/\/www.danielparente.net\/es\/category\/animacion-2\/"},"img":{"alt_text":"","src":"https:\/\/danielrparente.files.wordpress.com\/2012\/10\/sleep-garfield.jpg?w=350&h=200&crop=1","width":350,"height":200,"srcset":"https:\/\/danielrparente.files.wordpress.com\/2012\/10\/sleep-garfield.jpg?w=350&h=200&crop=1 1x, https:\/\/danielrparente.files.wordpress.com\/2012\/10\/sleep-garfield.jpg?w=525&h=300&crop=1 1.5x"},"classes":[]},{"id":302545,"url":"https:\/\/www.danielparente.net\/es\/como-la-ia-esta-transformando-el-sector-creativo-un-ejemplo-de-aplicaciones\/","url_meta":{"origin":917,"position":3},"title":"C\u00f3mo la IA est\u00e1 transformando el sector creativo: Un ejemplo de aplicaciones","author":"danielparente","date":"11 January, 2024","format":false,"excerpt":"La inteligencia artificial (IA) est\u00e1 teniendo una influencia creciente en sectores creativos como el cine, la animaci\u00f3n, los videojuegos y la escritura. En lugar de una automatizaci\u00f3n repentina, la IA est\u00e1 aumentando la creatividad humana en fases. Este art\u00edculo explora los impactos clave de la IA y recomendaciones en diversas\u2026","rel":"","context":"In &quot;Desarrollo de videojuegos&quot;","block_context":{"text":"Desarrollo de videojuegos","link":"https:\/\/www.danielparente.net\/es\/category\/desarrollo-de-videojuegos-2\/"},"img":{"alt_text":"ES DANIEL PARENTE ES C\u00f3mo la IA est\u00e1 transformando el sector creativo","src":"https:\/\/i0.wp.com\/e928cfdc7rs.exactdn.com\/info\/uploads\/sites\/2\/2024\/01\/ES-DANIEL-PARENTE-ES-Como-la-IA-esta-transformando-el-sector-creativo.jpg?resize=350%2C200&ssl=1","width":350,"height":200,"srcset":"https:\/\/i0.wp.com\/e928cfdc7rs.exactdn.com\/info\/uploads\/sites\/2\/2024\/01\/ES-DANIEL-PARENTE-ES-Como-la-IA-esta-transformando-el-sector-creativo.jpg?resize=350%2C200&ssl=1 1x, https:\/\/i0.wp.com\/e928cfdc7rs.exactdn.com\/info\/uploads\/sites\/2\/2024\/01\/ES-DANIEL-PARENTE-ES-Como-la-IA-esta-transformando-el-sector-creativo.jpg?resize=525%2C300&ssl=1 1.5x, https:\/\/i0.wp.com\/e928cfdc7rs.exactdn.com\/info\/uploads\/sites\/2\/2024\/01\/ES-DANIEL-PARENTE-ES-Como-la-IA-esta-transformando-el-sector-creativo.jpg?resize=700%2C400&ssl=1 2x, https:\/\/i0.wp.com\/e928cfdc7rs.exactdn.com\/info\/uploads\/sites\/2\/2024\/01\/ES-DANIEL-PARENTE-ES-Como-la-IA-esta-transformando-el-sector-creativo.jpg?resize=1050%2C600&ssl=1 3x"},"classes":[]},{"id":1420,"url":"https:\/\/www.danielparente.net\/es\/io-festival-de-cortos-en-esne-feelmotion\/","url_meta":{"origin":917,"position":4},"title":"I\u00ba Festival de Cortos en ESNE : Feelmotion","author":"danielparente","date":"18 April, 2012","format":false,"excerpt":"Dentro del nuevo grado de cine de animaci\u00f3n que lanzamos este a\u00f1o, generamos un nuevo festival de cortos, que tiene este viernes 20 de Abril, su primera edici\u00f3n. Os dejo con la nota de prensa, y con la recomendaci\u00f3n de a todos los que les guste los cortos, que acudan\u2026","rel":"","context":"In &quot;Animaci\u00f3n&quot;","block_context":{"text":"Animaci\u00f3n","link":"https:\/\/www.danielparente.net\/es\/category\/animacion-2\/"},"img":{"alt_text":"","src":"https:\/\/danielrparente.files.wordpress.com\/2012\/04\/feelmotion_esne.jpg?w=350&h=200&crop=1","width":350,"height":200,"srcset":"https:\/\/danielrparente.files.wordpress.com\/2012\/04\/feelmotion_esne.jpg?w=350&h=200&crop=1 1x, https:\/\/danielrparente.files.wordpress.com\/2012\/04\/feelmotion_esne.jpg?w=525&h=300&crop=1 1.5x"},"classes":[]},{"id":5412,"url":"https:\/\/www.danielparente.net\/es\/quieres-aprender-a-animar-viene-a-la-madrid-animation-conference\/","url_meta":{"origin":917,"position":5},"title":"Quieres aprender a animar ? Viene a la Madrid Animation Conference","author":"danielparente","date":"13 December, 2013","format":false,"excerpt":"Dentro del proceso de lanzamiento del grado de cine de animaci\u00f3n por parte de ESNE, y como forma de ir calentando motores dando la posibilidad a todos los interesados de poder validar si realmente es lo que quieren estudiar o hacer, \u00a0o aprender un poco mas sobre el proceso de\u2026","rel":"","context":"In &quot;Animacion&quot;","block_context":{"text":"Animacion","link":"https:\/\/www.danielparente.net\/es\/category\/animacion-3\/"},"img":{"alt_text":"madrid_animation_conference","src":"https:\/\/i0.wp.com\/www.danielparente.net\/es\/wp-content\/uploads\/sites\/2\/2013\/12\/madrid_animation_conference.jpg?resize=350%2C200","width":350,"height":200,"srcset":"https:\/\/i0.wp.com\/www.danielparente.net\/es\/wp-content\/uploads\/sites\/2\/2013\/12\/madrid_animation_conference.jpg?resize=350%2C200 1x, https:\/\/i0.wp.com\/www.danielparente.net\/es\/wp-content\/uploads\/sites\/2\/2013\/12\/madrid_animation_conference.jpg?resize=525%2C300 1.5x"},"classes":[]}],"jetpack_shortlink":"https:\/\/wp.me\/p2TqUj-eN","jetpack_sharing_enabled":true,"jetpack_featured_media_url":"","_links":{"self":[{"href":"https:\/\/www.danielparente.net\/es\/wp-json\/wp\/v2\/posts\/917","targetHints":{"allow":["GET"]}}],"collection":[{"href":"https:\/\/www.danielparente.net\/es\/wp-json\/wp\/v2\/posts"}],"about":[{"href":"https:\/\/www.danielparente.net\/es\/wp-json\/wp\/v2\/types\/post"}],"author":[{"embeddable":true,"href":"https:\/\/www.danielparente.net\/es\/wp-json\/wp\/v2\/users\/1"}],"replies":[{"embeddable":true,"href":"https:\/\/www.danielparente.net\/es\/wp-json\/wp\/v2\/comments?post=917"}],"version-history":[{"count":0,"href":"https:\/\/www.danielparente.net\/es\/wp-json\/wp\/v2\/posts\/917\/revisions"}],"wp:attachment":[{"href":"https:\/\/www.danielparente.net\/es\/wp-json\/wp\/v2\/media?parent=917"}],"wp:term":[{"taxonomy":"category","embeddable":true,"href":"https:\/\/www.danielparente.net\/es\/wp-json\/wp\/v2\/categories?post=917"},{"taxonomy":"post_tag","embeddable":true,"href":"https:\/\/www.danielparente.net\/es\/wp-json\/wp\/v2\/tags?post=917"}],"curies":[{"name":"wp","href":"https:\/\/api.w.org\/{rel}","templated":true}]}}